{"id":72720,"date":"2011-11-11T00:00:00","date_gmt":"2011-11-10T23:00:00","guid":{"rendered":"http:\/\/www.cronacaonline.it\/public\/content\/index.php\/2011\/11\/11\/campagna-referendaria-dieci-referendum-per-cambiare-la-sardegna-ciccolini-esigenza-di-un-ricambio-generazionale\/"},"modified":"2011-11-11T00:00:00","modified_gmt":"2011-11-10T23:00:00","slug":"campagna-referendaria-dieci-referendum-per-cambiare-la-sardegna-ciccolini-esigenza-di-un-ricambio-generazionale","status":"publish","type":"post","link":"https:\/\/www.cronacaonline.it\/index.php\/2011\/11\/11\/campagna-referendaria-dieci-referendum-per-cambiare-la-sardegna-ciccolini-esigenza-di-un-ricambio-generazionale\/","title":{"rendered":"Campagna referendaria \u201cDieci referendum per cambiare la Sardegna&#8221; \u2013 Ciccolini: \u201cEsigenza di un ricambio generazionale\u201d."},"content":{"rendered":"<p><FONT face=\"Verdana, sans-serif\"><FONT style=\"FONT-SIZE: 11pt\" size=2>Giuseppe Ciccolini, promotore della campagna referendaria \u201cDieci referendum per cambiare la Sardegna\", ha dichiarato: \"La campagna referendaria che nei prossimi giorni impegner\u00e0 centinaia di giovani amministratori della Sardegna per arrivare ad una riforma profonda della nostra regione, sottolinea l\u2019esigenza di un ricambio generazionale della politica sarda\u201d. <\/FONT><\/FONT><\/p>\n<p>\u201c<FONT face=\"Verdana, sans-serif\"><FONT style=\"FONT-SIZE: 11pt\" size=2>E\u2019 infatti ormai evidente \u2013 ha affermato il promotore - che la Sardegna, cos\u00ec come l\u2019Italia, sia completamente diversa da quella che chi \u00e8 ora al governo aveva in mente di costruire ma soprattutto \u00e8 molto lontana da quella che \u00e8 necessario realizzare per poter affrontare con speranza e decisione le sfide del futuro. Un apporto ed un approccio diverso alle tante questioni legate allo sviluppo e alla solidariet\u00e0 sociale \u00e8 necessario soprattutto ora che nessuna misura tradizionale ha avuto successo: servono energie ed idee nuove, portate avanti da una classe di giovani amministratori che vogliono partecipare alla vita politica con nuove e pi\u00f9 grandi responsabilit\u00e0 e che domandano di essere messi in condizioni di farlo\u201d. <\/FONT><\/FONT><\/p>\n<p>\u201c<FONT face=\"Verdana, sans-serif\"><FONT style=\"FONT-SIZE: 11pt\" size=2>I tanti amministratori che anche in provincia di Nuoro hanno aderito alla campagna referendaria e che hanno iniziato da subito la raccolta di firme per i dieci referendum, chiedono \u2013 ha sottolineato in conclusione Ciccolini - che il ricambio generazionale non sia rinviato perch\u00e9 la gravit\u00e0 del momento, a livello regionale e nazionale, ed il rischio che la crisi diventi irreversibile impongono che scelte e decisioni adeguate e moderne non siano pi\u00f9 rinviate. Invito tutti i giovani amministratori sardi ad aderire a questa campagna, prescindendo dalla propria collocazione politica e a sostenere con forza il ricambio generazionale della politica sarda e nazionale\". Com.<\/FONT><\/FONT><\/p>\n","protected":false},"excerpt":{"rendered":"<p>Giuseppe Ciccolini, promotore della campagna referendaria \u201cDieci referendum per cambiare la Sardegna&#8221;, ha dichiarato: &#8220;La campagna referendaria che nei prossimi giorni impegner\u00e0 centinaia di giovani&#8230;<\/p>\n","protected":false},"author":2,"featured_media":0,"comment_status":"closed","ping_status":"closed","sticky":false,"template":"","format":"standard","meta":[],"categories":[51],"tags":[],"_links":{"self":[{"href":"https:\/\/www.cronacaonline.it\/index.php\/wp-json\/wp\/v2\/posts\/72720"}],"collection":[{"href":"https:\/\/www.cronacaonline.it\/index.php\/wp-json\/wp\/v2\/posts"}],"about":[{"href":"https:\/\/www.cronacaonline.it\/index.php\/wp-json\/wp\/v2\/types\/post"}],"author":[{"embeddable":true,"href":"https:\/\/www.cronacaonline.it\/index.php\/wp-json\/wp\/v2\/users\/2"}],"replies":[{"embeddable":true,"href":"https:\/\/www.cronacaonline.it\/index.php\/wp-json\/wp\/v2\/comments?post=72720"}],"version-history":[{"count":0,"href":"https:\/\/www.cronacaonline.it\/index.php\/wp-json\/wp\/v2\/posts\/72720\/revisions"}],"wp:attachment":[{"href":"https:\/\/www.cronacaonline.it\/index.php\/wp-json\/wp\/v2\/media?parent=72720"}],"wp:term":[{"taxonomy":"category","embeddable":true,"href":"https:\/\/www.cronacaonline.it\/index.php\/wp-json\/wp\/v2\/categories?post=72720"},{"taxonomy":"post_tag","embeddable":true,"href":"https:\/\/www.cronacaonline.it\/index.php\/wp-json\/wp\/v2\/tags?post=72720"}],"curies":[{"name":"wp","href":"https:\/\/api.w.org\/{rel}","templated":true}]}}