{"id":72687,"date":"2011-10-03T00:00:00","date_gmt":"2011-10-02T22:00:00","guid":{"rendered":"http:\/\/www.cronacaonline.it\/public\/content\/index.php\/2011\/10\/03\/cappellacci-rinuncia-allindennita-di-presidente-della-giunta-combattere-la-crisi-fianco-a-fianco-con-i-cittadini\/"},"modified":"2011-10-03T00:00:00","modified_gmt":"2011-10-02T22:00:00","slug":"cappellacci-rinuncia-allindennita-di-presidente-della-giunta-combattere-la-crisi-fianco-a-fianco-con-i-cittadini","status":"publish","type":"post","link":"https:\/\/www.cronacaonline.it\/index.php\/2011\/10\/03\/cappellacci-rinuncia-allindennita-di-presidente-della-giunta-combattere-la-crisi-fianco-a-fianco-con-i-cittadini\/","title":{"rendered":"Cappellacci rinuncia all\u2019indennit\u00e0 di presidente della giunta: \u201ccombattere la crisi fianco a fianco con i cittadini\u201d"},"content":{"rendered":"<p><SPAN class=apple-style-span><SPAN style=\"LINE-HEIGHT: 115%; FONT-FAMILY: 'Verdana', 'sans-serif'; BACKGROUND: white; COLOR: black; FONT-SIZE: 10pt; mso-bidi-font-family: Arial\">\u201cIn un momento difficile, come quello attraversato<\/SPAN><\/SPAN><SPAN class=apple-converted-space><SPAN style=\"LINE-HEIGHT: 115%; FONT-FAMILY: 'Verdana', 'sans-serif'; BACKGROUND: white; COLOR: black; FONT-SIZE: 10pt; mso-bidi-font-family: Arial\">&nbsp;<\/SPAN><\/SPAN><SPAN class=apple-style-span><SPAN style=\"LINE-HEIGHT: 115%; FONT-FAMILY: 'Verdana', 'sans-serif'; BACKGROUND: white; COLOR: black; FONT-SIZE: 10pt; mso-bidi-font-family: Arial\"><A href=\"javascript:mails_addtocal(1,%22oggi%22);\"><SPAN style=\"COLOR: #ff8000\">oggi<\/SPAN><\/A><\/SPAN><\/SPAN><SPAN class=apple-converted-space><SPAN style=\"LINE-HEIGHT: 115%; FONT-FAMILY: 'Verdana', 'sans-serif'; BACKGROUND: white; COLOR: black; FONT-SIZE: 10pt; mso-bidi-font-family: Arial\">&nbsp;<\/SPAN><\/SPAN><SPAN class=apple-style-span><SPAN style=\"LINE-HEIGHT: 115%; FONT-FAMILY: 'Verdana', 'sans-serif'; BACKGROUND: white; COLOR: black; FONT-SIZE: 10pt; mso-bidi-font-family: Arial\">dal Paese e dalla nostra Isola, \u00e8 importante dare un segnale forte, concreto, significativo per dire che la politica vive fianco a fianco con i cittadini, non sopra di essi o sulle loro spalle. Occorre un messaggio chiaro per dire che le nostre preoccupazioni e le nostre aspirazioni sono le stesse vissute nel quotidiano dalle madri, dai padri, dagli studenti e dai lavoratori precari\u201d. Cos\u00ec il presidente della Regione, Ugo Cappellacci, al termine della seduta della Commissione Ambiente, cambiamenti climatici ed energia<\/SPAN><\/SPAN><SPAN class=apple-converted-space><SPAN style=\"LINE-HEIGHT: 115%; FONT-FAMILY: 'Verdana', 'sans-serif'; BACKGROUND: white; COLOR: black; FONT-SIZE: 10pt; mso-bidi-font-family: Arial\">&nbsp;<\/SPAN><\/SPAN><SPAN class=apple-style-span><I><SPAN style=\"LINE-HEIGHT: 115%; FONT-FAMILY: 'Verdana', 'sans-serif'; BACKGROUND: white; COLOR: black; FONT-SIZE: 10pt; mso-bidi-font-family: Arial\">(ENVE)<\/SPAN><\/I><\/SPAN><SPAN class=apple-style-span><SPAN style=\"LINE-HEIGHT: 115%; FONT-FAMILY: 'Verdana', 'sans-serif'; BACKGROUND: white; COLOR: black; FONT-SIZE: 10pt; mso-bidi-font-family: Arial\">tenutasi stamane a Malmo<\/SPAN><\/SPAN><SPAN class=apple-converted-space><SPAN style=\"LINE-HEIGHT: 115%; FONT-FAMILY: 'Verdana', 'sans-serif'; BACKGROUND: white; COLOR: black; FONT-SIZE: 10pt; mso-bidi-font-family: Arial\">&nbsp;<\/SPAN><\/SPAN><SPAN class=apple-style-span><I><SPAN style=\"LINE-HEIGHT: 115%; FONT-FAMILY: 'Verdana', 'sans-serif'; BACKGROUND: white; COLOR: black; FONT-SIZE: 10pt; mso-bidi-font-family: Arial\">(Svezia)<\/SPAN><\/I><\/SPAN><SPAN class=apple-converted-space><SPAN style=\"LINE-HEIGHT: 115%; FONT-FAMILY: 'Verdana', 'sans-serif'; BACKGROUND: white; COLOR: black; FONT-SIZE: 10pt; mso-bidi-font-family: Arial\">&nbsp;<\/SPAN><\/SPAN><SPAN class=apple-style-span><SPAN style=\"LINE-HEIGHT: 115%; FONT-FAMILY: 'Verdana', 'sans-serif'; BACKGROUND: white; COLOR: black; FONT-SIZE: 10pt; mso-bidi-font-family: Arial\">ha annunciato la rinuncia all\u2019indennit\u00e0 di presidente della Giunta.<\/SPAN><\/SPAN><\/p>\n<p><SPAN class=apple-style-span><SPAN style=\"LINE-HEIGHT: 115%; FONT-FAMILY: 'Verdana', 'sans-serif'; BACKGROUND: white; COLOR: black; FONT-SIZE: 10pt; mso-bidi-font-family: Arial\">\u201cIl tema - ha evidenziato Cappellacci - non \u00e8 tanto quello dei costi della politica, che \u00e8 ben lungi dal risolversi con una semplice rinuncia alla indennit\u00e0, quanto quello dell\u2019animo con cui si porta avanti l\u2019azione politica: un fatto di coscienza e di esempio per avviare un nuovo corso in cui si possano anche con azioni concrete dividere pesi e responsabilit\u00e0 del quotidiano. Non sarebbe pensabile, infatti, chiedere sacrifici e coraggio alla nostra comunit\u00e0 senza dare un esempio concreto. La rinuncia all\u2019indennit\u00e0 - puntualizza il governatore - non rappresenta la soluzione ai mali della Sardegna, ma intende essere un contributo da parte di chi con la propria coscienza sente la responsabilit\u00e0 del ruolo. L\u2019auspicio \u00e8 che anche da segnali di questo tipo possa nascere uno spirito comune, di grande coesione che ci spinga a rimboccarci le maniche tutti insieme e aiutare questa nostra terra a sollevarsi dalla macerie economiche, sociali e culturali che la calamit\u00e0&nbsp;<\/SPAN><\/SPAN><SPAN class=apple-converted-space><SPAN style=\"LINE-HEIGHT: 115%; FONT-FAMILY: 'Verdana', 'sans-serif'; BACKGROUND: white; COLOR: black; FONT-SIZE: 10pt; mso-bidi-font-family: Arial\">&nbsp;<\/SPAN><\/SPAN><SPAN class=apple-style-span><SPAN style=\"LINE-HEIGHT: 115%; FONT-FAMILY: 'Verdana', 'sans-serif'; BACKGROUND: white; COLOR: black; FONT-SIZE: 10pt; mso-bidi-font-family: Arial\">della crisi, aggravata da decenni di amnesie della politica, ha lasciato dietro di s\u00e9.<\/SPAN><\/SPAN><\/p>\n<p><SPAN class=apple-style-span><SPAN style=\"LINE-HEIGHT: 115%; FONT-FAMILY: 'Verdana', 'sans-serif'; BACKGROUND: white; COLOR: black; FONT-SIZE: 10pt; mso-bidi-font-family: Arial\">Anche perch\u00e9 chi ha un mandato politico - evidenzia il presidente - deve essere prima di tutto uomo, padre, lavoratore e non smettere mai di ragionare come tale. Occorre altres\u00ec ribadire chiaramente - ha aggiunto Cappellacci - che la politica non \u00e8 un mestiere, non \u00e8 un privilegio per pochi da tramandare di padre in figlio o da spartire con i propri sodali secondo meccanismi di cooptazione, ma \u00e8 passione, tensione morale e ideale, servizio alla propria comunit\u00e0. \u00c8 <SPAN style=\"mso-spacerun: yes\">&nbsp;<\/SPAN>anche mandato elettorale democratico che per sua natura non pu\u00f2 che essere a tempo determinato o, almeno, dovrebbe diventare tale per consentire quel ricambio generazionale che, portando ossigeno, faccia respirare i palazzi della politica, rimasti per troppo tempo \u201csotto vuoto\u201d. Per ridare forza alla politica - ha aggiunto il governatore - e restituire ad essa il ruolo di cui la nostra societ\u00e0 ha bisogno \u00e8 necessario e non pi\u00f9 rinviabile uno sforzo che ricongiunga alla irrinunciabile legittimazione democratica una altrettanto indispensabile legittimazione morale, che deve essere guadagnata quotidianamente sul campo della considerazione che la comunit\u00e0 nazionale ha dei propri rappresentanti. Per questi motivi - ha concluso Cappellacci- rinuncio alla mia indennit\u00e0 di presidente della Giunta regionale\u201d.<\/SPAN><FONT face=Calibri> Red<\/FONT><\/SPAN><\/SPAN><\/p>\n","protected":false},"excerpt":{"rendered":"<p>\u201cIn un momento difficile, come quello attraversato&nbsp;oggi&nbsp;dal Paese e dalla nostra Isola, \u00e8 importante dare un segnale forte, concreto, significativo per dire che la politica&#8230;<\/p>\n","protected":false},"author":2,"featured_media":0,"comment_status":"closed","ping_status":"closed","sticky":false,"template":"","format":"standard","meta":[],"categories":[49],"tags":[],"_links":{"self":[{"href":"https:\/\/www.cronacaonline.it\/index.php\/wp-json\/wp\/v2\/posts\/72687"}],"collection":[{"href":"https:\/\/www.cronacaonline.it\/index.php\/wp-json\/wp\/v2\/posts"}],"about":[{"href":"https:\/\/www.cronacaonline.it\/index.php\/wp-json\/wp\/v2\/types\/post"}],"author":[{"embeddable":true,"href":"https:\/\/www.cronacaonline.it\/index.php\/wp-json\/wp\/v2\/users\/2"}],"replies":[{"embeddable":true,"href":"https:\/\/www.cronacaonline.it\/index.php\/wp-json\/wp\/v2\/comments?post=72687"}],"version-history":[{"count":0,"href":"https:\/\/www.cronacaonline.it\/index.php\/wp-json\/wp\/v2\/posts\/72687\/revisions"}],"wp:attachment":[{"href":"https:\/\/www.cronacaonline.it\/index.php\/wp-json\/wp\/v2\/media?parent=72687"}],"wp:term":[{"taxonomy":"category","embeddable":true,"href":"https:\/\/www.cronacaonline.it\/index.php\/wp-json\/wp\/v2\/categories?post=72687"},{"taxonomy":"post_tag","embeddable":true,"href":"https:\/\/www.cronacaonline.it\/index.php\/wp-json\/wp\/v2\/tags?post=72687"}],"curies":[{"name":"wp","href":"https:\/\/api.w.org\/{rel}","templated":true}]}}