{"id":72202,"date":"2011-10-01T00:00:00","date_gmt":"2011-09-30T22:00:00","guid":{"rendered":"http:\/\/www.cronacaonline.it\/public\/content\/index.php\/2011\/10\/01\/al-pronto-soccorso-di-ozieri-un-nuovo-direttore-e-margherita-molinu-dal-1987-medico-nellospedale-del-monte-acuto\/"},"modified":"2011-10-01T00:00:00","modified_gmt":"2011-09-30T22:00:00","slug":"al-pronto-soccorso-di-ozieri-un-nuovo-direttore-e-margherita-molinu-dal-1987-medico-nellospedale-del-monte-acuto","status":"publish","type":"post","link":"https:\/\/www.cronacaonline.it\/index.php\/2011\/10\/01\/al-pronto-soccorso-di-ozieri-un-nuovo-direttore-e-margherita-molinu-dal-1987-medico-nellospedale-del-monte-acuto\/","title":{"rendered":"Al Pronto soccorso di Ozieri un nuovo direttore: E\u2019 Margherita Molinu, dal 1987 medico nell\u2019ospedale del Monte Acuto."},"content":{"rendered":"<p><SPAN style=\"mso-bidi-font-family: Arial\"><FONT face=\"\">Ha iniziato la sua carriera proprio all\u2019ospedale di Ozieri, nel 1987, come assistente medico nell\u2019Unit\u00e0 operativa di Medicina e cardiologia e, dopo diversi anni nel ruolo di aiuto corresponsabile nello stesso reparto, da alcune settimane \u00e8 stata nominata direttore dell\u2019Unit\u00e0 operativa di Pronto soccorso e osservazione breve dell\u2019ospedale di via Colle Cappuccini.<\/FONT><\/SPAN><\/p>\n<p><SPAN style=\"mso-bidi-font-family: Arial\"><FONT face=\"\">Margherita Molinu, ozierese, sposata con un medico di base, \u00e8 pronta per il nuovo incarico. Lavora al Pronto soccorso ozierese gi\u00e0 da un anno e il passaggio dal reparto internistico a quello dell\u2019emergenza-urgenza per lei non \u00e8 stato difficile.<\/FONT><\/SPAN><\/p>\n<p><SPAN style=\"mso-bidi-font-family: Arial\"><FONT face=\"\">\u00abEro gi\u00e0 abituata a trattare il paziente dell\u2019urgenza \u2013 afferma \u2013 l\u2019unica novit\u00e0 \u00e8 stata quella rappresentata dal paziente politraumatizzato\u00bb. Al Pronto soccorso di Ozieri arrivano pazienti con diverse patologie e non mancano appunto i politraumatizzati che vengono gestiti con la stretta collaborazione degli anestesisti e dei colleghi della Radiologia, del Centro trasfusionale e del Laboratorio analisi.<\/FONT><\/SPAN><\/p>\n<p><SPAN style=\"mso-bidi-font-family: Arial\"><FONT face=\"\">Nel 2010 sono stati 11.500 gli accessi al Pronto soccorso dell\u2019ospedale del Monte Acuto e il 16 per cento circa di questi \u00e8 stato ricoverato nei reparti dell\u2019Antonio Segni.<\/FONT><\/SPAN><\/p>\n<p><SPAN style=\"mso-bidi-font-family: Arial\"><FONT face=\"\">La maggior parte degli accessi sono catalogati come codici verdi (circa il 65 per cento), seguono quindi i codici gialli e verdi che si attestano entrambi su una percentuale del 15 per cento, mentre i codici rossi (pazienti in pericolo di vita) sono circa il 5 per cento.<\/FONT><\/SPAN><\/p>\n<p><SPAN style=\"mso-bidi-font-family: Arial\"><FONT face=\"\">Tra i suoi obiettivi, allora, il nuovo direttore del Pronto soccorso ha quello di evitare ricoveri impropri che contribuiscono, in maniera consistente, ad aumentare il tasso di occupazione del presidio ospedaliero, a saturare la disponibilit\u00e0 dei posti letto e a incrementare i tempi di permanenza al Pronto soccorso.<\/FONT><\/SPAN><\/p>\n<p><SPAN style=\"mso-bidi-font-family: Arial\"><FONT face=\"\">Gli obiettivi sono stati definiti di recente con la direzione aziendale dell\u2019Asl di Sassari e la sua nomina, a seguito di selezione, rientra tra le attivit\u00e0 attraverso le quali i vertici di via Cattalochino stanno puntando per eliminare le precariet\u00e0 gestionali, identificando i responsabili delle varie strutture aziendali.<\/FONT><\/SPAN><\/p>\n<p><SPAN style=\"mso-bidi-font-family: Arial\"><FONT face=\"\">Il nuovo direttore inoltre dovr\u00e0 evitare dimissioni improprie e migliorare la qualit\u00e0 dell\u2019assistenza e delle cure e la percezione del paziente di essere assistito in maniera adeguata.<\/FONT><\/SPAN><\/p>\n<p><SPAN style=\"mso-bidi-font-family: Arial\"><FONT face=\"\">\u00abL\u2019azienda sta costituendo la squadra \u2013 afferma Margherita Molinu \u2013 che sar\u00e0 composta da 7 medici. Inoltre la nostra \u00e8 una struttura adeguata, moderna e confortevole e che, per la sua posizione, \u00e8 collegata al reparto di Anestesia e di Radiologia. Si aggiunga che in questa struttura, poi, \u00e8 presente anche il Centro trasfusionale e il Laboratorio analisi\u00bb. Una posizione strategica quindi, individuata gi\u00e0 diversi anni fa, nel 2007 quando venne inaugurata.<\/FONT><\/SPAN><\/p>\n<p><SPAN style=\"mso-bidi-font-family: Arial\"><FONT face=\"\">La struttura \u00e8 composta da 4 ambulatori di cui uno per le emergenze, quindi da due stanze di degenza in grado di ospitare 4 letti.<\/FONT><\/SPAN><\/p>\n<p><SPAN style=\"mso-bidi-font-family: Arial\"><FONT face=\"\">Breve curriculum vitae<SPAN style=\"mso-spacerun: yes\">&nbsp; <\/SPAN>- Ha lavorato a tempo pieno nell\u2019Unit\u00e0 operativa di Medicina e Cardiologia del Presidio ospedaliero di Ozieri, con specifica competenza tecnico professionale: <SPAN style=\"mso-spacerun: yes\">&nbsp;<\/SPAN>in epatologia come medico referente nel trattamento con Ifn nei pazienti con epatite da Virus C e B<SPAN style=\"mso-spacerun: yes\">&nbsp; <\/SPAN>,cirrosi postvirale; <SPAN style=\"mso-spacerun: yes\">&nbsp;<\/SPAN>in cardiologia con la gestione dei pazienti sia cardiopatici acuti (trattamento Ima trombolisi, aritmie maggiori, embolie polmonari ,edemi polmonari, ipertensione) che cronici. <\/FONT><\/SPAN><\/p>\n<p><SPAN style=\"mso-bidi-font-family: Arial\"><FONT face=\"\">Ha svolto attivit\u00e0 di consulenza sia cardiologica che internistica<SPAN style=\"mso-spacerun: yes\">&nbsp; <\/SPAN>per i reparti del presidio ospedaliero quindi nell\u2019ambulatorio di cardiologia. <\/FONT><\/SPAN><\/p>\n<p><SPAN style=\"mso-bidi-font-family: Arial\"><FONT face=\"\">Dal 2000 ha ricoperto l\u2019incarico di coordinamento del reparto donne della U.O. di Medicina e Cardiologia dell\u2019ospedale di Ozieri. Com<\/FONT><\/SPAN><\/p>\n","protected":false},"excerpt":{"rendered":"<p>Ha iniziato la sua carriera proprio all\u2019ospedale di Ozieri, nel 1987, come assistente medico nell\u2019Unit\u00e0 operativa di Medicina e cardiologia e, dopo diversi anni nel&#8230;<\/p>\n","protected":false},"author":2,"featured_media":0,"comment_status":"closed","ping_status":"closed","sticky":false,"template":"","format":"standard","meta":[],"categories":[49],"tags":[],"_links":{"self":[{"href":"https:\/\/www.cronacaonline.it\/index.php\/wp-json\/wp\/v2\/posts\/72202"}],"collection":[{"href":"https:\/\/www.cronacaonline.it\/index.php\/wp-json\/wp\/v2\/posts"}],"about":[{"href":"https:\/\/www.cronacaonline.it\/index.php\/wp-json\/wp\/v2\/types\/post"}],"author":[{"embeddable":true,"href":"https:\/\/www.cronacaonline.it\/index.php\/wp-json\/wp\/v2\/users\/2"}],"replies":[{"embeddable":true,"href":"https:\/\/www.cronacaonline.it\/index.php\/wp-json\/wp\/v2\/comments?post=72202"}],"version-history":[{"count":0,"href":"https:\/\/www.cronacaonline.it\/index.php\/wp-json\/wp\/v2\/posts\/72202\/revisions"}],"wp:attachment":[{"href":"https:\/\/www.cronacaonline.it\/index.php\/wp-json\/wp\/v2\/media?parent=72202"}],"wp:term":[{"taxonomy":"category","embeddable":true,"href":"https:\/\/www.cronacaonline.it\/index.php\/wp-json\/wp\/v2\/categories?post=72202"},{"taxonomy":"post_tag","embeddable":true,"href":"https:\/\/www.cronacaonline.it\/index.php\/wp-json\/wp\/v2\/tags?post=72202"}],"curies":[{"name":"wp","href":"https:\/\/api.w.org\/{rel}","templated":true}]}}