{"id":71610,"date":"2011-10-03T00:00:00","date_gmt":"2011-10-02T22:00:00","guid":{"rendered":"http:\/\/www.cronacaonline.it\/public\/content\/index.php\/2011\/10\/03\/disoccupato-in-camera-di-sicurezza-per-atti-persecutori\/"},"modified":"2011-10-03T00:00:00","modified_gmt":"2011-10-02T22:00:00","slug":"disoccupato-in-camera-di-sicurezza-per-atti-persecutori","status":"publish","type":"post","link":"https:\/\/www.cronacaonline.it\/index.php\/2011\/10\/03\/disoccupato-in-camera-di-sicurezza-per-atti-persecutori\/","title":{"rendered":"Disoccupato in camera di sicurezza per atti persecutori."},"content":{"rendered":"<p><SPAN style=\"FONT-FAMILY: 'Courier New'; mso-bidi-font-weight: bold\">Ieri pomeriggio, verso le 15.00, i carabinieri della Stazione di Burgos (ss) hanno arrestato per il reato di atti persecutori, <B>Giovanni Pietro Nieddu<\/B>, di 40 anni, disoccupato del posto.<\/SPAN><\/p>\n<p><SPAN style=\"FONT-FAMILY: 'Courier New'; mso-bidi-font-weight: bold\">In stato di ubriachezza, l\u2019uomo si \u00e8 presentato, per l\u2019ennesima volta, presso l\u2019abitazione della ex moglie, colpendo con calci e pugni la porta di ingresso e le finestre, poich\u00e9 pretendeva di entrare.<\/SPAN><\/p>\n<p><SPAN style=\"FONT-FAMILY: 'Courier New'; mso-bidi-font-weight: bold\">In preda ad uno stato d\u2019ansia e di paura, la donna ha chiamato il 112. Quindi la centrale operativa ha inviato una pattuglia dell\u2019Arma, giunta sul posto dopo pochi minuti ed hanno trovato l\u2019arrestato ancora davanti all\u2019abitazione. Perci\u00f2 \u00e8 stato immobilizzato ed a condotto in caserma Burgos dove \u00e8 stato trattenuto nelle camere di sicurezza della Stazione in attesa dell\u2019udienza di convalida.<\/SPAN><\/p>\n<p><SPAN style=\"FONT-FAMILY: 'Courier New'; mso-bidi-font-weight: bold\">Nieddu gi\u00e0 in 0passato si era reso protagonista di episodi simili per i quali \u00e8 gi\u00e0 stato condannato in via definitiva.<\/SPAN><\/p>\n","protected":false},"excerpt":{"rendered":"<p>Ieri pomeriggio, verso le 15.00, i carabinieri della Stazione di Burgos (ss) hanno arrestato per il reato di atti persecutori, Giovanni Pietro Nieddu, di 40&#8230;<\/p>\n","protected":false},"author":2,"featured_media":10872,"comment_status":"closed","ping_status":"closed","sticky":false,"template":"","format":"standard","meta":[],"categories":[49],"tags":[],"_links":{"self":[{"href":"https:\/\/www.cronacaonline.it\/index.php\/wp-json\/wp\/v2\/posts\/71610"}],"collection":[{"href":"https:\/\/www.cronacaonline.it\/index.php\/wp-json\/wp\/v2\/posts"}],"about":[{"href":"https:\/\/www.cronacaonline.it\/index.php\/wp-json\/wp\/v2\/types\/post"}],"author":[{"embeddable":true,"href":"https:\/\/www.cronacaonline.it\/index.php\/wp-json\/wp\/v2\/users\/2"}],"replies":[{"embeddable":true,"href":"https:\/\/www.cronacaonline.it\/index.php\/wp-json\/wp\/v2\/comments?post=71610"}],"version-history":[{"count":0,"href":"https:\/\/www.cronacaonline.it\/index.php\/wp-json\/wp\/v2\/posts\/71610\/revisions"}],"wp:featuredmedia":[{"embeddable":true,"href":"https:\/\/www.cronacaonline.it\/index.php\/wp-json\/"}],"wp:attachment":[{"href":"https:\/\/www.cronacaonline.it\/index.php\/wp-json\/wp\/v2\/media?parent=71610"}],"wp:term":[{"taxonomy":"category","embeddable":true,"href":"https:\/\/www.cronacaonline.it\/index.php\/wp-json\/wp\/v2\/categories?post=71610"},{"taxonomy":"post_tag","embeddable":true,"href":"https:\/\/www.cronacaonline.it\/index.php\/wp-json\/wp\/v2\/tags?post=71610"}],"curies":[{"name":"wp","href":"https:\/\/api.w.org\/{rel}","templated":true}]}}