{"id":71453,"date":"2011-09-02T00:00:00","date_gmt":"2011-09-01T22:00:00","guid":{"rendered":"http:\/\/www.cronacaonline.it\/public\/content\/index.php\/2011\/09\/02\/al-teatro-lirico-di-cagliari-le-notti-musicali-dellaccademia-internazionale-di-musica\/"},"modified":"2011-09-02T00:00:00","modified_gmt":"2011-09-01T22:00:00","slug":"al-teatro-lirico-di-cagliari-le-notti-musicali-dellaccademia-internazionale-di-musica","status":"publish","type":"post","link":"https:\/\/www.cronacaonline.it\/index.php\/2011\/09\/02\/al-teatro-lirico-di-cagliari-le-notti-musicali-dellaccademia-internazionale-di-musica\/","title":{"rendered":"Al Teatro Lirico di Cagliari \u201cLe Notti Musicali\u201d dell&#8217;Accademia Internazionale di Musica."},"content":{"rendered":"<p>Parte domani, sabato 3 settembre, alle 21.00, al Teatro lirico di Cagliari, \"Le Notti Musicali\" dell'Accademia Internazionale di Musica. Domani, luned\u00ec e marted\u00ec, al centro dei riflettori, saranno gli stessi docenti dell'iniziativa didattica promossa dall'associazione Sardegna in Musica con la collaborazione del conservatorio \"G.P. da Palestrina\", che da luned\u00ec scorso (e fino a marted\u00ec 6) sta vivendo la sua undicesima edizione.<\/p>\n<p>Si parte con il Quatuor Modigliani, un giovane e affiatatissimo ensemble francese ormai di casa ai corsi cagliaritani. Philippe Bernhard e Loic Rio ai violini, Laurent Marfaing alla viola e Fran\u00e7ois Kieffer al violoncello apriranno con quattro movimenti di Arriaga e poi, con il clarinettista Nicolas Baldeyrou (uno dei volti nuovi di questa edizione dell'Accademia), il quintetto per clarinetto e quartetto d'archi di Mozart. Unico contrattempo: il chitarrista Gabriel Llinares, che avrebbe dovuto duettare con Cristian Marcia su pagine di Faur\u00e9, Debussy e Albeniz, non potr\u00e0 infatti essere sul palco del Teatro Lirico accanto al musicista cagliaritano. <BR><BR>E sar\u00e0 ancora il quartetto d'archi francese ad affiancare il direttore artistico dell'Accademia, in apertura della seconda parte della serata: in programma \"From Yesterday to Penny Lane, 7 songs after the Beatles\", del compositore, chitarrista e direttore d'orchestra cubano Leo Brouwer. Gran finale infine con Caterina Murino, chiamata a rinnovare insieme a Cristian Marcia l'incontro fra parole e musica gi\u00e0 collaudato con successo l'anno scorso sullo stesso palco del Teatro Lirico e al festival \"Creuza de Ma\" di Carloforte. A caratterizzare il recital dell'attrice e del chitarrista cagliaritani, stavolta l'incontro si presenta nel segno di Grazia Deledda, con musiche dello stesso Marcia e arrangiamenti di brani dell'epoca ad accompagnare l'interpretazione delle pagine della scrittrice sarda. Com.<\/p>\n","protected":false},"excerpt":{"rendered":"<p>Parte domani, sabato 3 settembre, alle 21.00, al Teatro lirico di Cagliari, &#8220;Le Notti Musicali&#8221; dell&#8217;Accademia Internazionale di Musica. Domani, luned\u00ec e marted\u00ec, al centro&#8230;<\/p>\n","protected":false},"author":2,"featured_media":0,"comment_status":"closed","ping_status":"closed","sticky":false,"template":"","format":"standard","meta":[],"categories":[49],"tags":[],"_links":{"self":[{"href":"https:\/\/www.cronacaonline.it\/index.php\/wp-json\/wp\/v2\/posts\/71453"}],"collection":[{"href":"https:\/\/www.cronacaonline.it\/index.php\/wp-json\/wp\/v2\/posts"}],"about":[{"href":"https:\/\/www.cronacaonline.it\/index.php\/wp-json\/wp\/v2\/types\/post"}],"author":[{"embeddable":true,"href":"https:\/\/www.cronacaonline.it\/index.php\/wp-json\/wp\/v2\/users\/2"}],"replies":[{"embeddable":true,"href":"https:\/\/www.cronacaonline.it\/index.php\/wp-json\/wp\/v2\/comments?post=71453"}],"version-history":[{"count":0,"href":"https:\/\/www.cronacaonline.it\/index.php\/wp-json\/wp\/v2\/posts\/71453\/revisions"}],"wp:attachment":[{"href":"https:\/\/www.cronacaonline.it\/index.php\/wp-json\/wp\/v2\/media?parent=71453"}],"wp:term":[{"taxonomy":"category","embeddable":true,"href":"https:\/\/www.cronacaonline.it\/index.php\/wp-json\/wp\/v2\/categories?post=71453"},{"taxonomy":"post_tag","embeddable":true,"href":"https:\/\/www.cronacaonline.it\/index.php\/wp-json\/wp\/v2\/tags?post=71453"}],"curies":[{"name":"wp","href":"https:\/\/api.w.org\/{rel}","templated":true}]}}