{"id":71123,"date":"2011-09-03T00:00:00","date_gmt":"2011-09-02T22:00:00","guid":{"rendered":"http:\/\/www.cronacaonline.it\/public\/content\/index.php\/2011\/09\/03\/trichet-essenziale-il-pareggio-di-bilancio\/"},"modified":"2011-09-03T00:00:00","modified_gmt":"2011-09-02T22:00:00","slug":"trichet-essenziale-il-pareggio-di-bilancio","status":"publish","type":"post","link":"https:\/\/www.cronacaonline.it\/index.php\/2011\/09\/03\/trichet-essenziale-il-pareggio-di-bilancio\/","title":{"rendered":"Trichet : &#8220;Essenziale il pareggio di bilancio&#8221;"},"content":{"rendered":"<p><FONT face=Calibri><SPAN class=MsoSubtleEmphasis><SPAN style=\"FONT-STYLE: normal; COLOR: windowtext; mso-bidi-font-style: italic\">\"E' assolutamente essenziale che i target vengano confermati e raggiunti\". Lo ha detto il presidente della Bce Jean Claude Trichet, a proposito del pareggio di bilancio, intervenendo al workshop Ambrosetti e in particolare rivolgendosi al Capo dello Stato Giorgio Napolitano. \"E' essenziale che l'obiettivo annunciato di diminuzione del debito sia pienamente confermato e implementato\".<\/SPAN><\/SPAN><SPAN class=MsoSubtleEmphasis><SPAN style=\"FONT-STYLE: normal; mso-bidi-font-style: italic\"><\/SPAN><\/SPAN><\/FONT><\/p>\n<p><FONT face=Calibri><SPAN class=MsoSubtleEmphasis><SPAN style=\"FONT-STYLE: normal; mso-bidi-font-style: italic\"><FONT color=#808080>P<\/FONT><\/SPAN><\/SPAN><SPAN class=MsoSubtleEmphasis><SPAN style=\"FONT-STYLE: normal; COLOR: windowtext; mso-bidi-font-style: italic\">er il numero uno dell'Eurotower, il rispetto del pareggio di bilancio nel 2013, cos\u00ec come previsto dalla manovra,&nbsp;\u00e8 un impegno importante per il nostro Paese. Ci\u00f2, ha ribadito,&nbsp;\u00e8 \"assolutamente decisivo\" per consolidare e rafforzare la credibilit\u00e0\" dell'Italia e anche della sua capacit\u00e0 di assolvere ai propri debiti.<\/SPAN><\/SPAN><SPAN class=MsoSubtleEmphasis><SPAN style=\"FONT-STYLE: normal; mso-bidi-font-style: italic\"><\/SPAN><\/SPAN><\/FONT><\/p>\n<p><FONT face=Calibri><SPAN class=MsoSubtleEmphasis><SPAN style=\"FONT-STYLE: normal; mso-bidi-font-style: italic\"><SPAN style=\"mso-spacerun: yes\"><FONT color=#808080>&nbsp;<\/FONT><\/SPAN><\/SPAN><\/SPAN><SPAN class=MsoSubtleEmphasis><SPAN style=\"FONT-STYLE: normal; COLOR: windowtext; mso-bidi-font-style: italic\">\"La Bce non pu\u00f2 sostituirsi ai governi\". Trichet ha anche detto che \"i governi devono rispettare la disciplina di bilancio. Abbiamo preso nota - ha aggiunto - degli impegni\".<\/SPAN><\/SPAN><SPAN class=MsoSubtleEmphasis><SPAN style=\"FONT-STYLE: normal; mso-bidi-font-style: italic\"><\/SPAN><\/SPAN><\/FONT><\/p>\n<p><FONT face=Calibri><SPAN class=MsoSubtleEmphasis><SPAN style=\"FONT-STYLE: normal; COLOR: windowtext; mso-bidi-font-style: italic\">Trichet ha sottolineato che \"la Bce e il sistema europeo come un tutt'uno, includendo anche la Banca d'Italia\", considerano che le misure dell'ultima manovra, annunciate dal governo il 5 agosto, sono \"estremamente importanti per la riduzione rapida del debito pubblico italiano e per migliorare la flessibilit\u00e0 dell'economia italiana\".<\/SPAN><\/SPAN><SPAN class=MsoSubtleEmphasis><SPAN style=\"FONT-STYLE: normal; mso-bidi-font-style: italic\"><\/SPAN><\/SPAN><\/FONT><\/p>\n<p><FONT face=Calibri><SPAN class=MsoSubtleEmphasis><SPAN style=\"FONT-STYLE: normal; COLOR: windowtext; mso-bidi-font-style: italic\">\"Questo&nbsp;\u00e8 decisivo - ha concluso - per consolidare e rinforzare la qualit\u00e0 e la credibilit\u00e0 della strategia italiana e della sua affidabilit\u00e0 creditizia.<\/SPAN><\/SPAN><SPAN class=MsoSubtleEmphasis><SPAN style=\"FONT-STYLE: normal; mso-bidi-font-style: italic\"><\/SPAN><\/SPAN><\/FONT><\/p>\n<p><SPAN class=MsoSubtleEmphasis><SPAN style=\"FONT-STYLE: normal; COLOR: windowtext; mso-bidi-font-style: italic\"><FONT face=Calibri>\"Non&nbsp;\u00e8 sufficiente controllare soltanto l'inflazione per combattere la crisi ed evitare la recessione\", ha detto il presidente della Bce.<\/FONT><\/SPAN><\/SPAN><\/p>\n","protected":false},"excerpt":{"rendered":"<p>&#8220;E&#8217; assolutamente essenziale che i target vengano confermati e raggiunti&#8221;. Lo ha detto il presidente della Bce Jean Claude Trichet, a proposito del pareggio di&#8230;<\/p>\n","protected":false},"author":2,"featured_media":0,"comment_status":"closed","ping_status":"closed","sticky":false,"template":"","format":"standard","meta":[],"categories":[49],"tags":[],"_links":{"self":[{"href":"https:\/\/www.cronacaonline.it\/index.php\/wp-json\/wp\/v2\/posts\/71123"}],"collection":[{"href":"https:\/\/www.cronacaonline.it\/index.php\/wp-json\/wp\/v2\/posts"}],"about":[{"href":"https:\/\/www.cronacaonline.it\/index.php\/wp-json\/wp\/v2\/types\/post"}],"author":[{"embeddable":true,"href":"https:\/\/www.cronacaonline.it\/index.php\/wp-json\/wp\/v2\/users\/2"}],"replies":[{"embeddable":true,"href":"https:\/\/www.cronacaonline.it\/index.php\/wp-json\/wp\/v2\/comments?post=71123"}],"version-history":[{"count":0,"href":"https:\/\/www.cronacaonline.it\/index.php\/wp-json\/wp\/v2\/posts\/71123\/revisions"}],"wp:attachment":[{"href":"https:\/\/www.cronacaonline.it\/index.php\/wp-json\/wp\/v2\/media?parent=71123"}],"wp:term":[{"taxonomy":"category","embeddable":true,"href":"https:\/\/www.cronacaonline.it\/index.php\/wp-json\/wp\/v2\/categories?post=71123"},{"taxonomy":"post_tag","embeddable":true,"href":"https:\/\/www.cronacaonline.it\/index.php\/wp-json\/wp\/v2\/tags?post=71123"}],"curies":[{"name":"wp","href":"https:\/\/api.w.org\/{rel}","templated":true}]}}