{"id":71091,"date":"2011-09-23T00:00:00","date_gmt":"2011-09-22T22:00:00","guid":{"rendered":"http:\/\/www.cronacaonline.it\/public\/content\/index.php\/2011\/09\/23\/lombardo-e-campus-su-riunione-gruppo-pdl-cappellacci-maldestramente-informato\/"},"modified":"2011-09-23T00:00:00","modified_gmt":"2011-09-22T22:00:00","slug":"lombardo-e-campus-su-riunione-gruppo-pdl-cappellacci-maldestramente-informato","status":"publish","type":"post","link":"https:\/\/www.cronacaonline.it\/index.php\/2011\/09\/23\/lombardo-e-campus-su-riunione-gruppo-pdl-cappellacci-maldestramente-informato\/","title":{"rendered":"Lombardo e Campus su riunione gruppo Pdl:  Cappellacci \u201cmaldestramente informato\u201d"},"content":{"rendered":"<p><FONT face=\"\">In merito alla riunione del gruppo del Popolo della Libert\u00e0 in Consiglio regionale che si \u00e8 tenuta ieri pomeriggio alla presenza del coordinatore regionale del partito, Settimo Nizzi, la Presidente dell\u2019Assemblea, Claudia Lombardo, e il consigliere Nanni Campus smentiscono \u201cnella maniera pi\u00f9 categorica\u201d quanto riportato da un\u2019agenzia di stampa, secondo cui avrebbero esplicitamente richiesto le immediate dimissioni del coordinatore.<\/FONT><\/p>\n<p><FONT face=\"\">\u201cL\u2019informazione non \u00e8 veritiera\u201d, ribadiscono Lombardo e Campus. \u201cE\u2019 vero semmai che, tra le varie ipotesi prese in considerazione \u2013 non soltanto dai consiglieri ma dallo stesso on. Nizzi \u2013 al fine di favorire il rinnovamento degli organismi dirigenti del Pdl sardo, vi \u00e8 stato il possibile azzeramento dei vertici regionali del partito. Allo stesso modo, sono da ritenersi non veritiere le basi del comunicato diramato questa sera dal presidente Cappellacci, non presente alla riunione e, come appare evidente, maldestramente informato.<\/FONT><\/p>\n<p><FONT face=\"\">Le odierne esternazioni del Presidente generano ulteriore confusione sulla sua collocazione rispetto al Popolo della Libert\u00e0. Non si comprende infatti come, permanendo la sua autosospensione per il primario interesse della Sardegna, possa pretendere di intervenire su questioni che riguardano solo ed esclusivamente un partito del quale al momento, per sua precisa scelta, non ci risulta faccia parte\u201d.<\/FONT><\/p>\n<p><FONT face=\"\">\u201cNel corso della riunione del gruppo consiliare, tutti i presenti hanno fatto un\u2019attenta ed approfondita analisi della situazione politica interna al partito, ipotizzando i vari scenari che si potranno presentare nel prossimo futuro e intendendosi\u201d, concludono i due esponenti del Pdl, \u201cper una nuova riunione, che si terr\u00e0 il prossimo marted\u00ec e nella quale \u00e8 possibile che siano assunte delle determinazioni in merito a tale situazione\u201d. Red<\/FONT><\/p>\n<p><FONT face=\"\"><\/FONT>&nbsp;<\/p>\n","protected":false},"excerpt":{"rendered":"<p>In merito alla riunione del gruppo del Popolo della Libert\u00e0 in Consiglio regionale che si \u00e8 tenuta ieri pomeriggio alla presenza del coordinatore regionale del&#8230;<\/p>\n","protected":false},"author":2,"featured_media":0,"comment_status":"closed","ping_status":"closed","sticky":false,"template":"","format":"standard","meta":[],"categories":[49],"tags":[],"_links":{"self":[{"href":"https:\/\/www.cronacaonline.it\/index.php\/wp-json\/wp\/v2\/posts\/71091"}],"collection":[{"href":"https:\/\/www.cronacaonline.it\/index.php\/wp-json\/wp\/v2\/posts"}],"about":[{"href":"https:\/\/www.cronacaonline.it\/index.php\/wp-json\/wp\/v2\/types\/post"}],"author":[{"embeddable":true,"href":"https:\/\/www.cronacaonline.it\/index.php\/wp-json\/wp\/v2\/users\/2"}],"replies":[{"embeddable":true,"href":"https:\/\/www.cronacaonline.it\/index.php\/wp-json\/wp\/v2\/comments?post=71091"}],"version-history":[{"count":0,"href":"https:\/\/www.cronacaonline.it\/index.php\/wp-json\/wp\/v2\/posts\/71091\/revisions"}],"wp:attachment":[{"href":"https:\/\/www.cronacaonline.it\/index.php\/wp-json\/wp\/v2\/media?parent=71091"}],"wp:term":[{"taxonomy":"category","embeddable":true,"href":"https:\/\/www.cronacaonline.it\/index.php\/wp-json\/wp\/v2\/categories?post=71091"},{"taxonomy":"post_tag","embeddable":true,"href":"https:\/\/www.cronacaonline.it\/index.php\/wp-json\/wp\/v2\/tags?post=71091"}],"curies":[{"name":"wp","href":"https:\/\/api.w.org\/{rel}","templated":true}]}}