{"id":71075,"date":"2011-09-17T00:00:00","date_gmt":"2011-09-16T22:00:00","guid":{"rendered":"http:\/\/www.cronacaonline.it\/public\/content\/index.php\/2011\/09\/17\/giovane-in-manette-per-sequestro-di-persona-e-rapina\/"},"modified":"2011-09-17T00:00:00","modified_gmt":"2011-09-16T22:00:00","slug":"giovane-in-manette-per-sequestro-di-persona-e-rapina","status":"publish","type":"post","link":"https:\/\/www.cronacaonline.it\/index.php\/2011\/09\/17\/giovane-in-manette-per-sequestro-di-persona-e-rapina\/","title":{"rendered":"Giovane in manette per sequestro di persona e rapina."},"content":{"rendered":"<p>La scorsa notte, a Oristano, i Carabinieri dell\u2019Aliquota Radiomobile del Nucleo Operativo e Radiomobile della Compagnia cittadina hanno arrestato F.S., di 18 anni, disoccupato di Oristano, per sequestro di persona e rapina aggravata. <\/p>\n<p>Nella tarda serata di ieri il giovane, con diversi precedenti, ha aggredito un ragazzo di 20 anni accusandolo di avere di un debito con lui di 3200 euro. Lo ha costretto a seguirlo in una zona appartata nei pressi della Stazione Ferroviaria, e l\u00ec, dopo averlo malmenato, si \u00e8 impossessato del giubbotto e del telefono cellulare come \"caparra\" da restituire in cambio di una somma di denaro contante.<\/p>\n<p>I militari, giunti in soccorso della vittima, ora ricoverato presso l\u2019ospedale San Martino di Oristano per delle fratture costali ed altre contusioni, hanno presto rintracciato il 18enne che, perquisito presso la sua abitazione, \u00e8 stato trovato in possesso della refurtiva. Finito in manette, dopo le formalit\u00e0 di rito, il ragazzo \u00e8 stato condotto presso la Casa Circondariale di Oristano dove ora si trova a disposizione dell'A.G.<\/p>\n","protected":false},"excerpt":{"rendered":"<p>La scorsa notte, a Oristano, i Carabinieri dell\u2019Aliquota Radiomobile del Nucleo Operativo e Radiomobile della Compagnia cittadina hanno arrestato F.S., di 18 anni, disoccupato di&#8230;<\/p>\n","protected":false},"author":2,"featured_media":10561,"comment_status":"closed","ping_status":"closed","sticky":false,"template":"","format":"standard","meta":[],"categories":[49],"tags":[],"_links":{"self":[{"href":"https:\/\/www.cronacaonline.it\/index.php\/wp-json\/wp\/v2\/posts\/71075"}],"collection":[{"href":"https:\/\/www.cronacaonline.it\/index.php\/wp-json\/wp\/v2\/posts"}],"about":[{"href":"https:\/\/www.cronacaonline.it\/index.php\/wp-json\/wp\/v2\/types\/post"}],"author":[{"embeddable":true,"href":"https:\/\/www.cronacaonline.it\/index.php\/wp-json\/wp\/v2\/users\/2"}],"replies":[{"embeddable":true,"href":"https:\/\/www.cronacaonline.it\/index.php\/wp-json\/wp\/v2\/comments?post=71075"}],"version-history":[{"count":0,"href":"https:\/\/www.cronacaonline.it\/index.php\/wp-json\/wp\/v2\/posts\/71075\/revisions"}],"wp:featuredmedia":[{"embeddable":true,"href":"https:\/\/www.cronacaonline.it\/index.php\/wp-json\/"}],"wp:attachment":[{"href":"https:\/\/www.cronacaonline.it\/index.php\/wp-json\/wp\/v2\/media?parent=71075"}],"wp:term":[{"taxonomy":"category","embeddable":true,"href":"https:\/\/www.cronacaonline.it\/index.php\/wp-json\/wp\/v2\/categories?post=71075"},{"taxonomy":"post_tag","embeddable":true,"href":"https:\/\/www.cronacaonline.it\/index.php\/wp-json\/wp\/v2\/tags?post=71075"}],"curies":[{"name":"wp","href":"https:\/\/api.w.org\/{rel}","templated":true}]}}