{"id":70919,"date":"2011-09-02T00:00:00","date_gmt":"2011-09-01T22:00:00","guid":{"rendered":"http:\/\/www.cronacaonline.it\/public\/content\/index.php\/2011\/09\/02\/la-lettera-dellassessore-logias-al-presidente-cappellacci-urge-un-confronto-sui-supporti-organizzativi-per-alunni-con-disabilita\/"},"modified":"2011-09-02T00:00:00","modified_gmt":"2011-09-01T22:00:00","slug":"la-lettera-dellassessore-logias-al-presidente-cappellacci-urge-un-confronto-sui-supporti-organizzativi-per-alunni-con-disabilita","status":"publish","type":"post","link":"https:\/\/www.cronacaonline.it\/index.php\/2011\/09\/02\/la-lettera-dellassessore-logias-al-presidente-cappellacci-urge-un-confronto-sui-supporti-organizzativi-per-alunni-con-disabilita\/","title":{"rendered":"La lettera dell&#8217;assessore Logias al presidente Cappellacci: &#8220;Urge un confronto sui supporti organizzativi per alunni con disabilit\u00e0&#8221;."},"content":{"rendered":"<p>L\u2019Assessore alle Politiche Educative della Provincia di Nuoro,<FONT size=3> Gianfranca Logias, ha indirizzato una lettera al Presidente della Giunta Regionale, Ugo Cappellacci, all\u2019Assessore Regionale alla Pubblica Istruzione, Beni Culturali, Informazione Spettacolo e Sport, Sergio Milia, ed al Direttore del Servizio Istruzione, Dr.ssa Maria Luisa Sollai, a proposito dei <\/FONT><FONT color=#333333 size=3><FONT color=#333333 size=3>supporti organizzativi a favore degli alunni con disabilit\u00e0 frequentanti gli Istituti d\u2019Istruzione Superiori, nella quale si legge: \"In riferimento alla precedente nota n.15487 del 24.06 u.s. con la quale si \u00e8 chiesto l\u2019avvio di un costruttivo processo di raccordo interistituzionale per definire una regolamentazione indirizzata a garantire standard essenziali dei servizi di supporto organizzativo agli studenti con disabilit\u00e0, si segnala l\u2019urgenza di attivare un immediato confronto su tali tematiche\".<\/FONT><\/FONT><\/p>\n<p><FONT color=#333333 size=3><FONT color=#333333 size=3>&nbsp;<\/p>\n<\/p>\n<p>\"<\/FONT><\/FONT><FONT size=3>Tale urgenza - argomenta l'assessore - \u00e8 determinata anche dalla necessit\u00e0 di definire in modo chiaro e con tempi certi le modalit\u00e0 di determinazione dei fondi regionali da assegnare agli EE.LL. per l\u2019espletamento della funzione di cui all\u2019art. 73 L.R.n.9\/2006. <\/FONT><FONT color=#333333 size=3><FONT color=#333333 size=3>L\u2019attuale criterio di assegnazione dei fondi da parte della Regione infatti non tiene conto, in relazione alla gravit\u00e0 dei singoli casi, della tipologia di interventi necessari (trasporto urbano e\/o extraurbano; con o senza accompagnamento; assistenza specialistica educativa per favorire autonomia e comunicazione; fornitura di specifiche strumentazioni; ..) al fine di assicurare un adeguata integrazione scolastica degli alunni diversamente abili, ma viene calcolato unicamente in base al numero degli iscritti. A seguito di tale applicazione i fondi assegnati dall\u2019Assessorato Regionale alla Pubblica Istruzione per finanziare tali interventi nell\u2019anno scolastico 2010\/11 sono stati pari a \u20ac 135.963,51 (\u20ac 1.247,37 x 109 alunni iscritti) e hanno contribuito a coprire la spesa necessaria solo nella misura del 26,24 %, determinando in tal modo il restante onere del 73,76 %, pari a \u20ac 382.326,75 , a carico del bilancio provinciale\".<\/p>\n<p>\"In relazione a ci\u00f2 - sottolinea Logias - si rende indispensabile sollecitare una revisione di tale criterio integrandolo con ulteriori elementi che tengano conto dei vari e articolati interventi posti in essere dalla Provincia raccordata con Scuola, Comuni, Asl e famiglia. La spesa complessiva sostenuta per la gestione dei servizi predetti nell\u2019anno scolastico 2010\/11 \u00e8 stata di 518.290,26 euro di cui:<\/FONT><\/FONT><FONT size=3> <\/FONT><FONT color=#333333 size=3><FONT color=#333333 size=3>119.409,04 euro per interventi sul trasporto, riguardanti n. 21 studenti, <\/FONT><\/FONT><FONT size=3>398.881,22 <\/FONT><FONT color=#333333 size=3><FONT color=#333333 size=3>euro <\/FONT><\/FONT><FONT size=3>per interventi di assistenza specialistica, riguardanti n. 57 studenti. <\/FONT><FONT color=#333333 size=3><FONT color=#333333 size=3>La spesa media sostenuta per il servizio di trasporto-accompagnamento \u00e8 stata di 5.600,00 euro ad alunno con importi variabili dai 1.100,00 ai 15.000,00 euro sui singoli progetti mentre, per l\u2019assistenza specialistica \u00e8 stata di 6.900,00 euro ad alunno, con importi variabili da circa 3.000,00 euro a oltre 15.000,00 euro sui singoli progetti.<\/FONT><\/FONT><FONT size=3> <\/FONT><FONT color=#333333 size=3><FONT color=#333333 size=3>La previsione per l\u2019anno scolastico 2011\/12 riguarda 122 iscritti tra i quali vi sono n.74 richiedenti interventi di assistenza specialistica (spesa prevista 545.000,00 euro) e n.25 richiedenti interventi di trasporto e accompagnamento (spesa prevista 150.000,00 euro) per un costo complessivo stimato in 695.000,00 euro\". <\/p>\n<\/p>\n<p>\"Per quanto suesposto, nel riconfermare le proposte operative della nota trasmessa a fine giugno, si chiede a codesto Assessorato - si legge infine nella lettera - di voler assicurare una maggiore compartecipazione alla spesa necessaria, con l\u2019erogazione di un contributo pari almeno a 320.000,00 euro per garantire gli interventi succitati nell\u2019anno scolastico in corso, precisando che in assenza di tale finanziamento la Provincia non potr\u00e0 espletare il servizio in maniera soddisfacente e in conseguenza, diversi alunni saranno privati del supporto organizzativo\". Red-Com.<\/p>\n","protected":false},"excerpt":{"rendered":"<p>L\u2019Assessore alle Politiche Educative della Provincia di Nuoro, Gianfranca Logias, ha indirizzato una lettera al Presidente della Giunta Regionale, Ugo Cappellacci, all\u2019Assessore Regionale alla Pubblica&#8230;<\/p>\n","protected":false},"author":2,"featured_media":10577,"comment_status":"closed","ping_status":"closed","sticky":false,"template":"","format":"standard","meta":[],"categories":[49],"tags":[],"_links":{"self":[{"href":"https:\/\/www.cronacaonline.it\/index.php\/wp-json\/wp\/v2\/posts\/70919"}],"collection":[{"href":"https:\/\/www.cronacaonline.it\/index.php\/wp-json\/wp\/v2\/posts"}],"about":[{"href":"https:\/\/www.cronacaonline.it\/index.php\/wp-json\/wp\/v2\/types\/post"}],"author":[{"embeddable":true,"href":"https:\/\/www.cronacaonline.it\/index.php\/wp-json\/wp\/v2\/users\/2"}],"replies":[{"embeddable":true,"href":"https:\/\/www.cronacaonline.it\/index.php\/wp-json\/wp\/v2\/comments?post=70919"}],"version-history":[{"count":0,"href":"https:\/\/www.cronacaonline.it\/index.php\/wp-json\/wp\/v2\/posts\/70919\/revisions"}],"wp:featuredmedia":[{"embeddable":true,"href":"https:\/\/www.cronacaonline.it\/index.php\/wp-json\/"}],"wp:attachment":[{"href":"https:\/\/www.cronacaonline.it\/index.php\/wp-json\/wp\/v2\/media?parent=70919"}],"wp:term":[{"taxonomy":"category","embeddable":true,"href":"https:\/\/www.cronacaonline.it\/index.php\/wp-json\/wp\/v2\/categories?post=70919"},{"taxonomy":"post_tag","embeddable":true,"href":"https:\/\/www.cronacaonline.it\/index.php\/wp-json\/wp\/v2\/tags?post=70919"}],"curies":[{"name":"wp","href":"https:\/\/api.w.org\/{rel}","templated":true}]}}