{"id":70881,"date":"2011-09-30T00:00:00","date_gmt":"2011-09-29T22:00:00","guid":{"rendered":"http:\/\/www.cronacaonline.it\/public\/content\/index.php\/2011\/09\/30\/giovane-allevatore-di-sarule-arrestato-per-detenzione-di-arma-clandestina\/"},"modified":"2011-09-30T00:00:00","modified_gmt":"2011-09-29T22:00:00","slug":"giovane-allevatore-di-sarule-arrestato-per-detenzione-di-arma-clandestina","status":"publish","type":"post","link":"https:\/\/www.cronacaonline.it\/index.php\/2011\/09\/30\/giovane-allevatore-di-sarule-arrestato-per-detenzione-di-arma-clandestina\/","title":{"rendered":"Giovane allevatore di Sarule arrestato per detenzione di arma clandestina."},"content":{"rendered":"<p><SPAN style=\"FONT-FAMILY: 'Verdana', 'sans-serif'; BACKGROUND: white; mso-fareast-language: IT\"><FONT face=Verdana>Questa mattina, alle ore 09.30, nel corso di perquisizioni locali e domiciliari delegate dalla procura di Nuoro, i militari della compagnia di Ottana (Nu) e del reparto squadriglie del comando provinciale di Nuoro, hanno arrestato A<B>ntonio Piredda, di 38 anni, di S<\/B>arule (Nu), allevatore (indagato per l\u2019omicidio del fratello Gavino, deceduto il 4 luglio scorso presso l\u2019ospedale civile di Nuoro).<\/FONT><\/SPAN><\/p>\n<p><SPAN style=\"FONT-FAMILY: 'Verdana', 'sans-serif'; BACKGROUND: white; mso-fareast-language: IT\"><FONT face=Verdana>L\u2019arrestato \u00e8 stato trovato in possesso di un fucile beretta cal. 12, con contrassegni matricolari abrasi, occultato all\u2019interno di un terreno di propriet\u00e0 posto nelle campagne del suo paese in localit\u00e0 \u201cIncabaddu\u201d. Quindi il pastore \u00e8 stato dichiarato in arresto e dopo le formalit\u00e0 di legge in caserma \u00e8 stato condotto e rinchiuso nel carcere nuorese di \u201cBad \u2018e Carros\u201d, dove rimarr\u00e0 in attesa delle decisioni dell\u2019A.G.<\/FONT><\/SPAN><\/p>\n","protected":false},"excerpt":{"rendered":"<p>Questa mattina, alle ore 09.30, nel corso di perquisizioni locali e domiciliari delegate dalla procura di Nuoro, i militari della compagnia di Ottana (Nu) e&#8230;<\/p>\n","protected":false},"author":2,"featured_media":10666,"comment_status":"closed","ping_status":"closed","sticky":false,"template":"","format":"standard","meta":[],"categories":[49],"tags":[],"_links":{"self":[{"href":"https:\/\/www.cronacaonline.it\/index.php\/wp-json\/wp\/v2\/posts\/70881"}],"collection":[{"href":"https:\/\/www.cronacaonline.it\/index.php\/wp-json\/wp\/v2\/posts"}],"about":[{"href":"https:\/\/www.cronacaonline.it\/index.php\/wp-json\/wp\/v2\/types\/post"}],"author":[{"embeddable":true,"href":"https:\/\/www.cronacaonline.it\/index.php\/wp-json\/wp\/v2\/users\/2"}],"replies":[{"embeddable":true,"href":"https:\/\/www.cronacaonline.it\/index.php\/wp-json\/wp\/v2\/comments?post=70881"}],"version-history":[{"count":0,"href":"https:\/\/www.cronacaonline.it\/index.php\/wp-json\/wp\/v2\/posts\/70881\/revisions"}],"wp:featuredmedia":[{"embeddable":true,"href":"https:\/\/www.cronacaonline.it\/index.php\/wp-json\/"}],"wp:attachment":[{"href":"https:\/\/www.cronacaonline.it\/index.php\/wp-json\/wp\/v2\/media?parent=70881"}],"wp:term":[{"taxonomy":"category","embeddable":true,"href":"https:\/\/www.cronacaonline.it\/index.php\/wp-json\/wp\/v2\/categories?post=70881"},{"taxonomy":"post_tag","embeddable":true,"href":"https:\/\/www.cronacaonline.it\/index.php\/wp-json\/wp\/v2\/tags?post=70881"}],"curies":[{"name":"wp","href":"https:\/\/api.w.org\/{rel}","templated":true}]}}