{"id":70806,"date":"2011-09-05T00:00:00","date_gmt":"2011-09-04T22:00:00","guid":{"rendered":"http:\/\/www.cronacaonline.it\/public\/content\/index.php\/2011\/09\/05\/presidente-cappellacci-lon-pili-non-lho-mai-sentito-sulla-sua-proposta-di-continuita-territoriale\/"},"modified":"2011-09-05T00:00:00","modified_gmt":"2011-09-04T22:00:00","slug":"presidente-cappellacci-lon-pili-non-lho-mai-sentito-sulla-sua-proposta-di-continuita-territoriale","status":"publish","type":"post","link":"https:\/\/www.cronacaonline.it\/index.php\/2011\/09\/05\/presidente-cappellacci-lon-pili-non-lho-mai-sentito-sulla-sua-proposta-di-continuita-territoriale\/","title":{"rendered":"Presidente Cappellacci: &#8220;&#8221;L&#8217;on. Pili? Non l&#8217;ho mai sentito sulla sua proposta di continuit\u00e0 territoriale&#8221;."},"content":{"rendered":"<p><SPAN class=apple-style-span><SPAN style=\"FONT-FAMILY: 'Arial', 'sans-serif'; BACKGROUND: white; COLOR: black; FONT-SIZE: 10pt\">\"L'on. Pili? Non l'ho mai sentito sulla sua proposta di continuit\u00e0 <SPAN style=\"mso-spacerun: yes\">&nbsp;<\/SPAN>di cui leggo solo nei lanci delle agenzie di stampa.\" Cos\u00ec il presidente Cappellacci sulle dichiarazioni del deputato del Popolo della Libert\u00e0 riguardo alla continuit\u00e0 territoriale. <\/SPAN><\/SPAN><\/p>\n<p><SPAN class=apple-style-span><SPAN style=\"FONT-FAMILY: 'Arial', 'sans-serif'; BACKGROUND: white; COLOR: black; FONT-SIZE: 10pt\">\"Se Pili si rivolgesse direttamente al sottoscritto, sarei lieto di confrontarmi.\" \"Ricordo - ha aggiunto il presidente della Regione - che la conferenza di servizi si terr\u00e0 dopodomani e&nbsp; che, pertanto, qualora intendesse dare un contributo utile e costruttivo al lavoro che stiamo svolgendo e al perseguimento dell'obiettivo della tariffa unica, sarebbe auspicabile che una sua eventuale proposta, giungesse per tempo\"<\/SPAN><FONT face=\"\">.<\/FONT><\/SPAN><\/SPAN><\/p>\n","protected":false},"excerpt":{"rendered":"<p>&#8220;L&#8217;on. Pili? Non l&#8217;ho mai sentito sulla sua proposta di continuit\u00e0 &nbsp;di cui leggo solo nei lanci delle agenzie di stampa.&#8221; Cos\u00ec il presidente Cappellacci&#8230;<\/p>\n","protected":false},"author":2,"featured_media":0,"comment_status":"closed","ping_status":"closed","sticky":false,"template":"","format":"standard","meta":[],"categories":[49],"tags":[],"_links":{"self":[{"href":"https:\/\/www.cronacaonline.it\/index.php\/wp-json\/wp\/v2\/posts\/70806"}],"collection":[{"href":"https:\/\/www.cronacaonline.it\/index.php\/wp-json\/wp\/v2\/posts"}],"about":[{"href":"https:\/\/www.cronacaonline.it\/index.php\/wp-json\/wp\/v2\/types\/post"}],"author":[{"embeddable":true,"href":"https:\/\/www.cronacaonline.it\/index.php\/wp-json\/wp\/v2\/users\/2"}],"replies":[{"embeddable":true,"href":"https:\/\/www.cronacaonline.it\/index.php\/wp-json\/wp\/v2\/comments?post=70806"}],"version-history":[{"count":0,"href":"https:\/\/www.cronacaonline.it\/index.php\/wp-json\/wp\/v2\/posts\/70806\/revisions"}],"wp:attachment":[{"href":"https:\/\/www.cronacaonline.it\/index.php\/wp-json\/wp\/v2\/media?parent=70806"}],"wp:term":[{"taxonomy":"category","embeddable":true,"href":"https:\/\/www.cronacaonline.it\/index.php\/wp-json\/wp\/v2\/categories?post=70806"},{"taxonomy":"post_tag","embeddable":true,"href":"https:\/\/www.cronacaonline.it\/index.php\/wp-json\/wp\/v2\/tags?post=70806"}],"curies":[{"name":"wp","href":"https:\/\/api.w.org\/{rel}","templated":true}]}}