{"id":70761,"date":"2011-09-01T00:00:00","date_gmt":"2011-08-31T22:00:00","guid":{"rendered":"http:\/\/www.cronacaonline.it\/public\/content\/index.php\/2011\/09\/01\/incidente-stradale-muore-barista-di-sassari-nella-notte\/"},"modified":"2011-09-01T00:00:00","modified_gmt":"2011-08-31T22:00:00","slug":"incidente-stradale-muore-barista-di-sassari-nella-notte","status":"publish","type":"post","link":"https:\/\/www.cronacaonline.it\/index.php\/2011\/09\/01\/incidente-stradale-muore-barista-di-sassari-nella-notte\/","title":{"rendered":"Incidente stradale &#8211; Muore barista di Sassari nella notte."},"content":{"rendered":"<p>La scorsa notte, nel sassarese, Caterina Mura, di 30 anni, di Sassari, ha perso la vita in un incidente stradale.<\/p>\n<p>Erano quasi le 2.00 quando la barista, a bordo della sua Yarish, sulla Buddi Buddi nei pressi del bivio per San Michele, per cause ancora indefinite \u00e8 uscita fuori strada. Sbalzata dall'auto, per la donna non c'\u00e8 stato nulla da fare: \u00e8 morta sul colpo. <\/p>\n<p>Il personale medico del 118, giunto sul luogo dell'incidente assieme alle forze dell'ordine, ha constatato il decesso della ragazza. <\/p>\n","protected":false},"excerpt":{"rendered":"<p>La scorsa notte, nel sassarese, Caterina Mura, di 30 anni, di Sassari, ha perso la vita in un incidente stradale. Erano quasi le 2.00 quando&#8230;<\/p>\n","protected":false},"author":2,"featured_media":0,"comment_status":"closed","ping_status":"closed","sticky":false,"template":"","format":"standard","meta":[],"categories":[49],"tags":[],"_links":{"self":[{"href":"https:\/\/www.cronacaonline.it\/index.php\/wp-json\/wp\/v2\/posts\/70761"}],"collection":[{"href":"https:\/\/www.cronacaonline.it\/index.php\/wp-json\/wp\/v2\/posts"}],"about":[{"href":"https:\/\/www.cronacaonline.it\/index.php\/wp-json\/wp\/v2\/types\/post"}],"author":[{"embeddable":true,"href":"https:\/\/www.cronacaonline.it\/index.php\/wp-json\/wp\/v2\/users\/2"}],"replies":[{"embeddable":true,"href":"https:\/\/www.cronacaonline.it\/index.php\/wp-json\/wp\/v2\/comments?post=70761"}],"version-history":[{"count":0,"href":"https:\/\/www.cronacaonline.it\/index.php\/wp-json\/wp\/v2\/posts\/70761\/revisions"}],"wp:attachment":[{"href":"https:\/\/www.cronacaonline.it\/index.php\/wp-json\/wp\/v2\/media?parent=70761"}],"wp:term":[{"taxonomy":"category","embeddable":true,"href":"https:\/\/www.cronacaonline.it\/index.php\/wp-json\/wp\/v2\/categories?post=70761"},{"taxonomy":"post_tag","embeddable":true,"href":"https:\/\/www.cronacaonline.it\/index.php\/wp-json\/wp\/v2\/tags?post=70761"}],"curies":[{"name":"wp","href":"https:\/\/api.w.org\/{rel}","templated":true}]}}