{"id":70728,"date":"2011-09-03T00:00:00","date_gmt":"2011-09-02T22:00:00","guid":{"rendered":"http:\/\/www.cronacaonline.it\/public\/content\/index.php\/2011\/09\/03\/domani-ultima-giornata-della-festadelmare-2011\/"},"modified":"2011-09-03T00:00:00","modified_gmt":"2011-09-02T22:00:00","slug":"domani-ultima-giornata-della-festadelmare-2011","status":"publish","type":"post","link":"https:\/\/www.cronacaonline.it\/index.php\/2011\/09\/03\/domani-ultima-giornata-della-festadelmare-2011\/","title":{"rendered":"Domani ultima giornata della Festadelmare 2011"},"content":{"rendered":"<p><SPAN style=\"FONT-FAMILY: 'Verdana', 'sans-serif'\">Domani, d<B>omenica 4 settembre,<\/B> <B>ultima giornata<\/B> della ottava kermesse ecologica <B><I>Festadelmare <\/I><\/B>dedicata al mare e al turismo ambientale promossa da Legambiente con i Comuni di Siniscola e Posada. Dopo il successo delle prime due giornate che hanno visto una&nbsp;straordinaria&nbsp;affluenza di pubblico locale e turisti, si chiude con la terza giornata di appuntamenti e un programma molto ricco e articolato <SPAN style=\"COLOR: black\">\u201cFestadelmare 2011\u201d, il festival ambientalista che in sette anni di vita ha attirato oltre 150.000 presenze<\/SPAN> in arrivo da tutta la Sardegna, dall'Italia e da pi\u00f9 di 25 nazioni e pi\u00f9 di 500.000 visitatori on line.<\/SPAN><\/p>\n<p><B><SPAN style=\"FONT-FAMILY: 'Verdana', 'sans-serif'\">Alle 10,30 il Sindaco di Siniscola Rocco Celentano inaugura il suggestivo Faro di Capo Comino<\/SPAN><\/B><SPAN style=\"FONT-FAMILY: 'Verdana', 'sans-serif'\">, r<SPAN style=\"COLOR: black\">ecuperato dalla Amministrazione comunale di<SPAN class=apple-converted-space>&nbsp;<\/SPAN>Siniscola<SPAN class=apple-converted-space>&nbsp;<\/SPAN>per farne un centro di ricerca ambientale. Il taglio del nastro \u00e8 previsto <\/SPAN>alla presenza delle autorit\u00e0 locali con la partecipazione delle Universit\u00e0 di Sassari e Corsica rappresentate rispettivamente dal Rettore Attilio Mastino e dai docenti <SPAN style=\"COLOR: black\">Paul Bisgambiglia<SPAN class=apple-converted-space>&nbsp;<\/SPAN>e&nbsp;<SPAN class=apple-converted-space>&nbsp;<\/SPAN>Sylvia Agostani<SPAN class=apple-converted-space> <\/SPAN>che insieme a<SPAN class=apple-converted-space>&nbsp; <\/SPAN>Jean Val\u00e8re&nbsp; G\u00e9ronimi, <\/SPAN>Presidente dell'associazione U. Marinu della Corsica<SPAN class=apple-converted-space><SPAN style=\"COLOR: black\">&nbsp;<\/SPAN><\/SPAN><SPAN style=\"COLOR: black\">presenteranno<SPAN class=apple-converted-space>&nbsp;<\/SPAN>STELLA MARE ed i programmi europei sui quali&nbsp; questa struttura \u00e8 implicata, fra cui la spedizione MED (M\u00e9diterran\u00e9e En Danger).<\/SPAN><\/SPAN><\/p>\n<p><B><SPAN style=\"FONT-FAMILY: 'Verdana', 'sans-serif'\">Alle 18,00 presentazione del libro<\/SPAN><\/B><SPAN style=\"FONT-FAMILY: 'Verdana', 'sans-serif'\"> \u201c<B>Atlante di flora e fauna del Mediterraneo<\/B>\u201d a cura dell\u2019autore <B>Egidio Trainito<\/B>, una guida straordinaria <SPAN class=apple-style-span>per scoprire le meraviglie sconosciute del Mediterraneo, con testi semplici ed oltre 1000 fotografie a colori. 256 pagine, oltre 800 specie diverse, fotografate in ambiente naturale, formano la pi\u00f9 completa documentazione fotografica mai pubblicata sugli organismi che popolano gli ambienti sommersi del mediterraneo. Dalla Turchia alla Spagna, dalla Tunisia alla Liguria, dall'Adriatico allo stretto di Messina, dai banchi del canale di Sicilia alla Sardegna, tutta la variet\u00e0 degli organismi mediterranei e le new entries dal mar Rosso e dall'Atlantico sono riunite in un testo indispensabile per i subacquei, gli studenti e tutti coloro che amano il mediterraneo. Edizioni<SPAN style=\"mso-spacerun: yes\">&nbsp; <\/SPAN>Il Castello 2011.<\/SPAN><\/SPAN><\/p>\n<p><B><SPAN style=\"FONT-FAMILY: 'Verdana', 'sans-serif'\">Alle 18,45 tavola rotonda<\/SPAN><\/B><SPAN style=\"FONT-FAMILY: 'Verdana', 'sans-serif'\"> su \u201c<B>Turismo e Ambiente: scenari futuri<\/B>\u201d, in Piazza Venezia. Intervengono l\u2019Assessore al Turismo Regione Sardegna Luigi Crisponi, i sindaci di Olbia, Posada, Villasimius, Stintino, Bitti, Siniscola, il Presidente Parco Nazionale dell\u2019Asinara e le autorit\u00e0 locali. Coordina il dibattito Carmine Conte. Alle 18,30 Premiazione del concorso fotografico Obiettivo Baronia a cura dell\u2019Associazione Siniscola Domani.<\/SPAN><\/p>\n<p><SPAN style=\"FONT-FAMILY: 'Verdana', 'sans-serif'\">Alle 21,00 spettacolo di giocoleria comica in Piazza della Torre. Segue alle 22,00 l\u2019esibizione dei gruppi di ballo della Baronia dal titolo \u201cBallando in Baronia\u201d. A partire dalle 17,00 nella suggestiva Piazza Venezia dell\u2019antico borgo di Santa Lucia animazione e divertimento con il <B>Teatro di Strada<\/B> \u201c<B>Able la Scimmia Spaziale<\/B>\u201d a cura di Aldo Sanna. Nel corso di tutta la giornata concerti, cultura, spettacoli di teatro di strada, spazi per i bambini, artisti di strada, laboratori di educazione ambientale, esposizioni fotografiche, mostra mercato di artigianato e produzioni tipiche del territorio, giochi, area espositiva, itinerario del gusto e tantissime altre iniziative.<\/SPAN><\/p>\n<p><SPAN style=\"FONT-FAMILY: 'Verdana', 'sans-serif'\">Alle 9,00 alla scoperta dei fondali di Capo Comino con pinne, maschera e snorkel con partenza dalla Spiaggia delle Barche. Alle 10,00 Operazione Spiagge Pulite, campagna di sensibilizzazione sulle cicche di sigaretta in collaborazione con La Conservatoria delle Coste della Sardegna nella Spiagga Lontana. Alle 10,30 Gara di Acquathlon a cura dell\u2019Ass. Siniscola Domani nella Spiaggia delle Barche.<\/SPAN><\/p>\n<p><SPAN style=\"FONT-FAMILY: 'Verdana', 'sans-serif'\">Anche nell\u2019ultima ultima giornata della manifestazione ecologica internazionale si potranno visitare gli oltre 60 stand dell\u2019area espositiva a cura di enti locali, istituzioni, imprese, consorzi turistici, associazioni, aree marine protette, e ancora: spazi per i bambini, spettacoli degli artisti di strada, seminari, laboratori di educazione ambientale al CEA (Centro di Educazione Ambientale), esposizioni fotografiche Visioni sulla Costa e Manimali, mostra mercato di artigianato e produzioni tipiche del territorio, giochi, area espositiva, specialit\u00e0 enogastronomiche.<\/SPAN><\/p>\n<p><SPAN style=\"FONT-FAMILY: 'Verdana', 'sans-serif'; COLOR: black\">Gran finale con la sagra del pesce organizzata dai pescatori di Santa Lucia nel Villaggio dei Pescatori e con <EM><B><SPAN style=\"FONT-FAMILY: 'Verdana', 'sans-serif'\">kermesse folk Ballando In Baronia<\/SPAN><\/B><\/EM><SPAN class=apple-converted-space>&nbsp;<\/SPAN><SPAN class=apple-style-span>che vede la partecipazione dei gruppi di ballo dei centri della Baronia. Com<\/SPAN><\/SPAN><SPAN class=apple-style-span><SPAN style=\"FONT-FAMILY: 'Verdana', 'sans-serif'\"><\/SPAN><\/SPAN><\/p>\n","protected":false},"excerpt":{"rendered":"<p>Domani, domenica 4 settembre, ultima giornata della ottava kermesse ecologica Festadelmare dedicata al mare e al turismo ambientale promossa da Legambiente con i Comuni di&#8230;<\/p>\n","protected":false},"author":2,"featured_media":0,"comment_status":"closed","ping_status":"closed","sticky":false,"template":"","format":"standard","meta":[],"categories":[49],"tags":[],"_links":{"self":[{"href":"https:\/\/www.cronacaonline.it\/index.php\/wp-json\/wp\/v2\/posts\/70728"}],"collection":[{"href":"https:\/\/www.cronacaonline.it\/index.php\/wp-json\/wp\/v2\/posts"}],"about":[{"href":"https:\/\/www.cronacaonline.it\/index.php\/wp-json\/wp\/v2\/types\/post"}],"author":[{"embeddable":true,"href":"https:\/\/www.cronacaonline.it\/index.php\/wp-json\/wp\/v2\/users\/2"}],"replies":[{"embeddable":true,"href":"https:\/\/www.cronacaonline.it\/index.php\/wp-json\/wp\/v2\/comments?post=70728"}],"version-history":[{"count":0,"href":"https:\/\/www.cronacaonline.it\/index.php\/wp-json\/wp\/v2\/posts\/70728\/revisions"}],"wp:attachment":[{"href":"https:\/\/www.cronacaonline.it\/index.php\/wp-json\/wp\/v2\/media?parent=70728"}],"wp:term":[{"taxonomy":"category","embeddable":true,"href":"https:\/\/www.cronacaonline.it\/index.php\/wp-json\/wp\/v2\/categories?post=70728"},{"taxonomy":"post_tag","embeddable":true,"href":"https:\/\/www.cronacaonline.it\/index.php\/wp-json\/wp\/v2\/tags?post=70728"}],"curies":[{"name":"wp","href":"https:\/\/api.w.org\/{rel}","templated":true}]}}