{"id":70635,"date":"2011-08-26T00:00:00","date_gmt":"2011-08-25T22:00:00","guid":{"rendered":"http:\/\/www.cronacaonline.it\/public\/content\/index.php\/2011\/08\/26\/dichiarazione-dellassessore-provinciale-nuorese-alla-pubblica-istruzione-sulla-questione-dei-tagli-alla-scuola-pubblica-e-sullimpegno-della-provincia-di-nuoro\/"},"modified":"2011-08-26T00:00:00","modified_gmt":"2011-08-25T22:00:00","slug":"dichiarazione-dellassessore-provinciale-nuorese-alla-pubblica-istruzione-sulla-questione-dei-tagli-alla-scuola-pubblica-e-sullimpegno-della-provincia-di-nuoro","status":"publish","type":"post","link":"https:\/\/www.cronacaonline.it\/index.php\/2011\/08\/26\/dichiarazione-dellassessore-provinciale-nuorese-alla-pubblica-istruzione-sulla-questione-dei-tagli-alla-scuola-pubblica-e-sullimpegno-della-provincia-di-nuoro\/","title":{"rendered":"Dichiarazione dell&#8217;Assessore provinciale nuorese alla Pubblica Istruzione sulla questione dei tagli alla scuola pubblica e sull&#8217;impegno della Provincia di Nuoro."},"content":{"rendered":"<p><SPAN style=\"FONT-FAMILY: 'Verdana', 'sans-serif'; BACKGROUND: white; mso-fareast-language: IT\">\"L'ammissione dei&nbsp;&nbsp;tre ragazzi disabili che a settembre potranno frequentare le lezioni all'ITC Satta di Nuoro rappresenta per noi un grande risultato.&nbsp;&nbsp;La Provincia di Nuoro infatti ha sostenuto fin dal primo momento questa lotta al fianco dei genitori e proseguir\u00e0 ancora con la sua battaglia contro i tagli indiscriminati alla scuola pubblica decisi dal Governo. - A ribadirlo con forza \u00e8 l'assessore alla Pubblica Istruzione della Provincia di Nuoro, Gianfranca Logias che, non appena avuta notizia della mancata iscrizione dei ragazzi, qualche settimana fa ha convocato un incontro urgente per discutere e valutare le azioni unitarie da intraprendere al fine di garantire a tutti la certezza del diritto allo studio. <\/SPAN><\/p>\n<p><SPAN style=\"FONT-FAMILY: 'Verdana', 'sans-serif'; BACKGROUND: white; mso-fareast-language: IT\">Contestiamo e rifiutiamo con forza e determinazione la filosofia della riforma Gelmini e ribadiamo ancora una volta tutto il nostro impegno in difesa dei presidi scolastici del territorio. - ha sottolineato l'assessore Logias \u2013 La Provincia di Nuoro intende proseguire con azioni forti ed incisive contro i tagli che stanno mettendo a dura prova la sopravvivenza dell'intero sistema scolastico provinciale e vanno a ledere in modo significativo il diritto delle classi pi\u00f9 deboli a ricevere un'istruzione adeguata. A tal proposito \u00e8 necessario avviare nuove azioni di sensibilizzazione del territorio. Gi\u00e0 ieri mattina ho incontrato diversi sindaci del Mandrolisai per esaminare, nello specifico, la situazione di alcuni presidi scolastici a rischio chiusura.&nbsp;Dall'incontro, al quale ha partecipato anche il Presidente della Commissione provinciale all'Istruzione Marilisa Marongiu, \u00e8 emersa la forte volont\u00e0 di proseguire in modo unitario e condiviso, in stretta collaborazione con tutti i Comuni del territorio, affinch\u00e9 si dia un segnale forte contro le decisioni calate dall'alto che non fanno altro che determinare un ulteriore impoverimento delle nostre realt\u00e0&nbsp; e pregiudicano il futuro della scuola nella provincia.&nbsp;<\/SPAN><\/p>\n<p><SPAN style=\"FONT-FAMILY: 'Verdana', 'sans-serif'; BACKGROUND: white; mso-fareast-language: IT\">A questo tentativo noi ci opporremo e intraprenderemo tutte le azioni necessarie per contrastare una politica dei tagli basata solo sui numeri, senza tener conto delle peculiarit\u00e0 e delle esigenze dei diversi territori, in particolare&nbsp;delle aree pi\u00f9 marginali e delle zone interne e montane dove la scuola rappresenta un vero punto di riferimento per lo sviluppo sociale, civile ed economico\".&nbsp;Red-com<\/SPAN><\/p>\n","protected":false},"excerpt":{"rendered":"<p>&#8220;L&#8217;ammissione dei&nbsp;&nbsp;tre ragazzi disabili che a settembre potranno frequentare le lezioni all&#8217;ITC Satta di Nuoro rappresenta per noi un grande risultato.&nbsp;&nbsp;La Provincia di Nuoro infatti&#8230;<\/p>\n","protected":false},"author":2,"featured_media":10280,"comment_status":"closed","ping_status":"closed","sticky":false,"template":"","format":"standard","meta":[],"categories":[49],"tags":[],"_links":{"self":[{"href":"https:\/\/www.cronacaonline.it\/index.php\/wp-json\/wp\/v2\/posts\/70635"}],"collection":[{"href":"https:\/\/www.cronacaonline.it\/index.php\/wp-json\/wp\/v2\/posts"}],"about":[{"href":"https:\/\/www.cronacaonline.it\/index.php\/wp-json\/wp\/v2\/types\/post"}],"author":[{"embeddable":true,"href":"https:\/\/www.cronacaonline.it\/index.php\/wp-json\/wp\/v2\/users\/2"}],"replies":[{"embeddable":true,"href":"https:\/\/www.cronacaonline.it\/index.php\/wp-json\/wp\/v2\/comments?post=70635"}],"version-history":[{"count":0,"href":"https:\/\/www.cronacaonline.it\/index.php\/wp-json\/wp\/v2\/posts\/70635\/revisions"}],"wp:featuredmedia":[{"embeddable":true,"href":"https:\/\/www.cronacaonline.it\/index.php\/wp-json\/"}],"wp:attachment":[{"href":"https:\/\/www.cronacaonline.it\/index.php\/wp-json\/wp\/v2\/media?parent=70635"}],"wp:term":[{"taxonomy":"category","embeddable":true,"href":"https:\/\/www.cronacaonline.it\/index.php\/wp-json\/wp\/v2\/categories?post=70635"},{"taxonomy":"post_tag","embeddable":true,"href":"https:\/\/www.cronacaonline.it\/index.php\/wp-json\/wp\/v2\/tags?post=70635"}],"curies":[{"name":"wp","href":"https:\/\/api.w.org\/{rel}","templated":true}]}}