{"id":70631,"date":"2011-08-29T00:00:00","date_gmt":"2011-08-28T22:00:00","guid":{"rendered":"http:\/\/www.cronacaonline.it\/public\/content\/index.php\/2011\/08\/29\/penati-pd-luigi-berlinguer-se-ce-un-corrotto-il-partito-non-puo-tenerlo\/"},"modified":"2011-08-29T00:00:00","modified_gmt":"2011-08-28T22:00:00","slug":"penati-pd-luigi-berlinguer-se-ce-un-corrotto-il-partito-non-puo-tenerlo","status":"publish","type":"post","link":"https:\/\/www.cronacaonline.it\/index.php\/2011\/08\/29\/penati-pd-luigi-berlinguer-se-ce-un-corrotto-il-partito-non-puo-tenerlo\/","title":{"rendered":"Penati-Pd: Luigi Berlinguer: se c&#8217;\u00e8 un corrotto il partito non pu\u00f2 tenerlo"},"content":{"rendered":"<p>Secondo Luigi Berlinguer, presidente della commissione di garanzia del Pd, intervistato da l'Unit\u00e0 sulla vicenda che riguarda Filippo Penati,&nbsp;\u00e8 necessario mettere mano allo Statuto del Pd per una pi\u00f9 chiara definizione del principio di 'correttezza' di un politico.<\/p>\n<p>Un punto - annuncia l'eurodeputato - a cui \"dovremo lavorare\" gi\u00e0 il 9 settembre a Pesaro insieme con i 20 presidenti regionali delle commissioni di garanzia. Proprio perch\u00e9 \"un politico deve essere pi\u00f9 corretto di un cittadino comune\", specie se si tratta di un esponente del Pd.<\/p>\n<p>Quanto a Penati - spiega Berlinguer dopo averne parlato con Pier Luigi Bersani-, si e' convenuto che avesse tutti i diritti di \"difendere la sua onorabilita' come qualunque altro cittadino, ma ha altrettanto diritto di farlo il suo partito\".<\/p>\n<p>La commissione&nbsp;\u00e8 convocata per il 5 settembre e si avvicinera' alla questione tentando di individuare \"se ci sono profili etici o politici, sapendo che i tempi della politica e quelli della magistratura sono diversi\". \"Il Pd e' sano, non&nbsp;\u00e8 malato - rileva - La corruzione politica italiana risiede in assoluta prevalenza altrove\", anche se \"certe patologie possono albergare anche nelle migliori famiglie\". E poi su una possibile espulsione: \"Se c'\u00e8 un corrotto non si pu\u00f2 tenerlo nel partito, ovviamente, ma deve essere accertato\".<\/p>\n<p>Per come e' adesso lo statuto - osserva Berlinguer che&nbsp;\u00e8 contrario alla \"diversit\u00e0 biologica\" ma convinto che \"noi abbiamo una scala di valori diversa da quella degli altri partiti e amministratori\" - \"c'\u00e8 bisogno di certezza giudiziaria o di forte certezza politica\".<\/p>\n<p>E a proposito della rinuncia alla prescrizione da parte di Penati, l'unico che pu\u00f2 \"disporre di questa facolt\u00e0&nbsp;\u00e8 lui. Certamente gli appelli che gli sono stati rivolti da autorevoli esponenti del Pd non possono non avere un peso\".<\/p>\n","protected":false},"excerpt":{"rendered":"<p>Secondo Luigi Berlinguer, presidente della commissione di garanzia del Pd, intervistato da l&#8217;Unit\u00e0 sulla vicenda che riguarda Filippo Penati,&nbsp;\u00e8 necessario mettere mano allo Statuto del&#8230;<\/p>\n","protected":false},"author":2,"featured_media":10406,"comment_status":"closed","ping_status":"closed","sticky":false,"template":"","format":"standard","meta":[],"categories":[49],"tags":[],"_links":{"self":[{"href":"https:\/\/www.cronacaonline.it\/index.php\/wp-json\/wp\/v2\/posts\/70631"}],"collection":[{"href":"https:\/\/www.cronacaonline.it\/index.php\/wp-json\/wp\/v2\/posts"}],"about":[{"href":"https:\/\/www.cronacaonline.it\/index.php\/wp-json\/wp\/v2\/types\/post"}],"author":[{"embeddable":true,"href":"https:\/\/www.cronacaonline.it\/index.php\/wp-json\/wp\/v2\/users\/2"}],"replies":[{"embeddable":true,"href":"https:\/\/www.cronacaonline.it\/index.php\/wp-json\/wp\/v2\/comments?post=70631"}],"version-history":[{"count":0,"href":"https:\/\/www.cronacaonline.it\/index.php\/wp-json\/wp\/v2\/posts\/70631\/revisions"}],"wp:featuredmedia":[{"embeddable":true,"href":"https:\/\/www.cronacaonline.it\/index.php\/wp-json\/"}],"wp:attachment":[{"href":"https:\/\/www.cronacaonline.it\/index.php\/wp-json\/wp\/v2\/media?parent=70631"}],"wp:term":[{"taxonomy":"category","embeddable":true,"href":"https:\/\/www.cronacaonline.it\/index.php\/wp-json\/wp\/v2\/categories?post=70631"},{"taxonomy":"post_tag","embeddable":true,"href":"https:\/\/www.cronacaonline.it\/index.php\/wp-json\/wp\/v2\/tags?post=70631"}],"curies":[{"name":"wp","href":"https:\/\/api.w.org\/{rel}","templated":true}]}}