{"id":70593,"date":"2011-08-14T00:00:00","date_gmt":"2011-08-13T22:00:00","guid":{"rendered":"http:\/\/www.cronacaonline.it\/public\/content\/index.php\/2011\/08\/14\/operazione-antibracconaggio-degli-uomini-del-corpo-forestale-della-sardegna\/"},"modified":"2011-08-14T00:00:00","modified_gmt":"2011-08-13T22:00:00","slug":"operazione-antibracconaggio-degli-uomini-del-corpo-forestale-della-sardegna","status":"publish","type":"post","link":"https:\/\/www.cronacaonline.it\/index.php\/2011\/08\/14\/operazione-antibracconaggio-degli-uomini-del-corpo-forestale-della-sardegna\/","title":{"rendered":"Operazione antibracconaggio degli uomini del Corpo Forestale della Sardegna,"},"content":{"rendered":"<p><SPAN class=apple-style-span><SPAN style=\"FONT-FAMILY: 'Verdana', 'sans-serif'; BACKGROUND: white; COLOR: black\"><FONT face=Verdana>Operazione anti bracconaggio del Corpo Forestale e di Vigilanza Ambientale ieri nel versante nord del massiccio dei sette fratelli in localit\u00e0 S .Paolo. <\/FONT><\/SPAN><\/SPAN><\/p>\n<p><SPAN class=apple-style-span><SPAN style=\"FONT-FAMILY: 'Verdana', 'sans-serif'; BACKGROUND: white; COLOR: black\"><\/SPAN><\/SPAN><SPAN class=apple-style-span><SPAN style=\"LINE-HEIGHT: 115%; FONT-FAMILY: 'Verdana', 'sans-serif'; BACKGROUND: white; COLOR: black; FONT-SIZE: 11pt; mso-fareast-language: EN-US; mso-bidi-font-family: 'Times New Roman'; mso-fareast-font-family: Calibri; mso-fareast-theme-font: minor-latin; mso-bidi-theme-font: minor-bidi; mso-ansi-language: IT; mso-bidi-language: AR-SA\">Uomini della Stazione Forestale di Sinnai in servizio di controllo del territorio hanno sorpreso P.C. e M. C. rispettivamente di 64 e 36 anni, <SPAN style=\"mso-spacerun: yes\">&nbsp;<\/SPAN>padre e figlio entrambi di Sinnai, mentre si apprestavano ad appostarsi per la caccia notturna peraltro in una zona popolata da cervi.<\/SPAN><\/SPAN><SPAN class=apple-converted-space><SPAN style=\"LINE-HEIGHT: 115%; FONT-FAMILY: 'Verdana', 'sans-serif'; BACKGROUND: white; COLOR: black; FONT-SIZE: 11pt; mso-fareast-language: EN-US; mso-bidi-font-family: 'Times New Roman'; mso-fareast-font-family: Calibri; mso-fareast-theme-font: minor-latin; mso-bidi-theme-font: minor-bidi; mso-ansi-language: IT; mso-bidi-language: AR-SA\">&nbsp;<\/SPAN><\/SPAN><\/p>\n<p><SPAN class=apple-converted-space><SPAN style=\"LINE-HEIGHT: 115%; FONT-FAMILY: 'Verdana', 'sans-serif'; BACKGROUND: white; COLOR: black; FONT-SIZE: 11pt; mso-fareast-language: EN-US; mso-bidi-font-family: 'Times New Roman'; mso-fareast-font-family: Calibri; mso-fareast-theme-font: minor-latin; mso-bidi-theme-font: minor-bidi; mso-ansi-language: IT; mso-bidi-language: AR-SA\"><\/SPAN><\/SPAN><SPAN class=apple-style-span><SPAN style=\"LINE-HEIGHT: 115%; FONT-FAMILY: 'Verdana', 'sans-serif'; BACKGROUND: white; COLOR: black; FONT-SIZE: 11pt; mso-fareast-language: EN-US; mso-bidi-font-family: 'Times New Roman'; mso-fareast-font-family: Calibri; mso-fareast-theme-font: minor-latin; mso-bidi-theme-font: minor-bidi; mso-ansi-language: IT; mso-bidi-language: AR-SA\">I due che non hanno opposto resistenza sono stati trovati in possesso di un fucile cal 16 e cartucce caricate a pallettoni oltre che di un supporto e puntatore laser e un visore notturno sofisticato da applicare all'arma.<\/SPAN><\/SPAN><\/p>\n<p><SPAN class=apple-style-span><SPAN style=\"LINE-HEIGHT: 115%; FONT-FAMILY: 'Verdana', 'sans-serif'; BACKGROUND: white; COLOR: black; FONT-SIZE: 11pt; mso-fareast-language: EN-US; mso-bidi-font-family: 'Times New Roman'; mso-fareast-font-family: Calibri; mso-fareast-theme-font: minor-latin; mso-bidi-theme-font: minor-bidi; mso-ansi-language: IT; mso-bidi-language: AR-SA\"><\/SPAN><\/SPAN><SPAN class=apple-style-span><SPAN style=\"LINE-HEIGHT: 115%; FONT-FAMILY: 'Verdana', 'sans-serif'; BACKGROUND: white; COLOR: black; FONT-SIZE: 11pt; mso-fareast-language: EN-US; mso-bidi-font-family: 'Times New Roman'; mso-fareast-font-family: Calibri; mso-fareast-theme-font: minor-latin; mso-bidi-theme-font: minor-bidi; mso-ansi-language: IT; mso-bidi-language: AR-SA\">Il fucile \u00e8 risultato di propriet\u00e0 del P.C. ed \u00e8 stato sottoposto a sequestro penale a casi dei due sono state eseguite perquisizioni domiciliari che ha portato al sequestro di circa 200 trappole per uccellagione.<\/SPAN><\/SPAN><\/p>\n<p><SPAN class=apple-style-span><SPAN style=\"LINE-HEIGHT: 115%; FONT-FAMILY: 'Verdana', 'sans-serif'; BACKGROUND: white; COLOR: black; FONT-SIZE: 11pt; mso-fareast-language: EN-US; mso-bidi-font-family: 'Times New Roman'; mso-fareast-font-family: Calibri; mso-fareast-theme-font: minor-latin; mso-bidi-theme-font: minor-bidi; mso-ansi-language: IT; mso-bidi-language: AR-SA\"><\/SPAN><\/SPAN><SPAN class=apple-style-span><SPAN style=\"LINE-HEIGHT: 115%; FONT-FAMILY: 'Verdana', 'sans-serif'; BACKGROUND: white; COLOR: black; FONT-SIZE: 11pt; mso-fareast-language: EN-US; mso-bidi-font-family: 'Times New Roman'; mso-fareast-font-family: Calibri; mso-fareast-theme-font: minor-latin; mso-bidi-theme-font: minor-bidi; mso-ansi-language: IT; mso-bidi-language: AR-SA\">L'operazione si inquadra nei servizi disposti dal Servizio Territoriale di Cagliari di Contrasto al fenomeno del bracconaggio che nei giorni di ferragosto si registra particolarmente intenso.<\/SPAN><\/SPAN><SPAN style=\"LINE-HEIGHT: 115%; FONT-FAMILY: 'Calibri', 'sans-serif'; BACKGROUND: white; FONT-SIZE: 11pt; mso-fareast-language: EN-US; mso-bidi-font-family: 'Times New Roman'; mso-ascii-theme-font: minor-latin; mso-fareast-font-family: Calibri; mso-fareast-theme-font: minor-latin; mso-hansi-theme-font: minor-latin; mso-bidi-theme-font: minor-bidi; mso-ansi-language: IT; mso-bidi-language: AR-SA\"><BR><\/SPAN><SPAN class=apple-style-span><SPAN style=\"LINE-HEIGHT: 115%; FONT-FAMILY: 'Verdana', 'sans-serif'; BACKGROUND: white; COLOR: black; FONT-SIZE: 11pt; mso-fareast-language: EN-US; mso-bidi-font-family: 'Times New Roman'; mso-fareast-font-family: Calibri; mso-fareast-theme-font: minor-latin; mso-bidi-theme-font: minor-bidi; mso-ansi-language: IT; mso-bidi-language: AR-SA\">I due sono stati denunciati alla Autorit\u00e0 giudiziaria per esercizio di caccia in periodo di divieto generale e per porto illegale d'arma al di fuori dei termini.<\/SPAN><\/SPAN><\/p>\n","protected":false},"excerpt":{"rendered":"<p>Operazione anti bracconaggio del Corpo Forestale e di Vigilanza Ambientale ieri nel versante nord del massiccio dei sette fratelli in localit\u00e0 S .Paolo. Uomini della&#8230;<\/p>\n","protected":false},"author":2,"featured_media":0,"comment_status":"closed","ping_status":"closed","sticky":false,"template":"","format":"standard","meta":[],"categories":[49],"tags":[],"_links":{"self":[{"href":"https:\/\/www.cronacaonline.it\/index.php\/wp-json\/wp\/v2\/posts\/70593"}],"collection":[{"href":"https:\/\/www.cronacaonline.it\/index.php\/wp-json\/wp\/v2\/posts"}],"about":[{"href":"https:\/\/www.cronacaonline.it\/index.php\/wp-json\/wp\/v2\/types\/post"}],"author":[{"embeddable":true,"href":"https:\/\/www.cronacaonline.it\/index.php\/wp-json\/wp\/v2\/users\/2"}],"replies":[{"embeddable":true,"href":"https:\/\/www.cronacaonline.it\/index.php\/wp-json\/wp\/v2\/comments?post=70593"}],"version-history":[{"count":0,"href":"https:\/\/www.cronacaonline.it\/index.php\/wp-json\/wp\/v2\/posts\/70593\/revisions"}],"wp:attachment":[{"href":"https:\/\/www.cronacaonline.it\/index.php\/wp-json\/wp\/v2\/media?parent=70593"}],"wp:term":[{"taxonomy":"category","embeddable":true,"href":"https:\/\/www.cronacaonline.it\/index.php\/wp-json\/wp\/v2\/categories?post=70593"},{"taxonomy":"post_tag","embeddable":true,"href":"https:\/\/www.cronacaonline.it\/index.php\/wp-json\/wp\/v2\/tags?post=70593"}],"curies":[{"name":"wp","href":"https:\/\/api.w.org\/{rel}","templated":true}]}}