{"id":70586,"date":"2011-08-03T00:00:00","date_gmt":"2011-08-02T22:00:00","guid":{"rendered":"http:\/\/www.cronacaonline.it\/public\/content\/index.php\/2011\/08\/03\/interpellanza-di-efisio-planetta-psdaz-sulla-garanzia-dei-diritti-e-delle-professionalita-degli-artigiani-della-sardegna-partecipanti-alla-prossima-biennale-dellartigianato-sardo\/"},"modified":"2011-08-03T00:00:00","modified_gmt":"2011-08-02T22:00:00","slug":"interpellanza-di-efisio-planetta-psdaz-sulla-garanzia-dei-diritti-e-delle-professionalita-degli-artigiani-della-sardegna-partecipanti-alla-prossima-biennale-dellartigianato-sardo","status":"publish","type":"post","link":"https:\/\/www.cronacaonline.it\/index.php\/2011\/08\/03\/interpellanza-di-efisio-planetta-psdaz-sulla-garanzia-dei-diritti-e-delle-professionalita-degli-artigiani-della-sardegna-partecipanti-alla-prossima-biennale-dellartigianato-sardo\/","title":{"rendered":"Interpellanza di Efisio Planetta (Psd\u2019Az) sulla \u201cGaranzia dei diritti e delle professionalit\u00e0 degli artigiani della Sardegna partecipanti alla prossima Biennale dell\u2019Artigianato sardo\u201d."},"content":{"rendered":"<p><SPAN style=\"LINE-HEIGHT: 115%; FONT-FAMILY: 'Verdana', 'sans-serif'; FONT-SIZE: 11pt\">Efisio Planetta (Psd\u2019Az) ha presentato un\u2019interpellanza al presidente della Giunta regionale su \u201cLa garanzia dei diritti e delle professionalit\u00e0 degli artigiani della Sardegna partecipanti alla prossima Biennale dell\u2019Artigianato sardo e le misure e le iniziative adeguate tali da assicurare l\u2019effettiva tutela dell\u2019artigianato sardo\u201d.<\/SPAN><\/p>\n<p><SPAN style=\"LINE-HEIGHT: 115%; FONT-FAMILY: 'Verdana', 'sans-serif'; FONT-SIZE: 11pt\">&nbsp;<\/SPAN><\/p>\n<p><SPAN style=\"LINE-HEIGHT: 115%; FONT-FAMILY: 'Verdana', 'sans-serif'; FONT-SIZE: 11pt\"><\/SPAN>&nbsp;<\/p>\n<p><SPAN style=\"LINE-HEIGHT: 115%; FONT-FAMILY: 'Verdana', 'sans-serif'; FONT-SIZE: 11pt\">L\u2019esponente della maggioranza, in particolare, ha chiesto di sapere \u201cse per la prossima biennale dell\u2019Artigianato sardo questa Amministrazione abbia intendimento di attivarsi al fine di garantire pi\u00f9 compiutamente i diritti e le professionalit\u00e0 degli artigiani della Sardegna\u201d. Planetta ha poi domandato \u201ccosa effettivamente intenda questa Amministrazione per artigianato sardo e quali misure e iniziative la Giunta regionale ha intenzione di adottare a riguardo per assicurare la sua effettiva tutela, ovvero se, in materia di artigianato sardo, vi sia continuit\u00e0 di intendimenti e\/o programmatica con la precedente Amministrazione regionale\u201d. <\/SPAN><\/p>\n<p><SPAN style=\"LINE-HEIGHT: 115%; FONT-FAMILY: 'Verdana', 'sans-serif'; FONT-SIZE: 11pt\">&nbsp;<\/SPAN><\/p>\n<p><SPAN style=\"LINE-HEIGHT: 115%; FONT-FAMILY: 'Verdana', 'sans-serif'; FONT-SIZE: 11pt\">Secondo l\u2019esponente del Psd\u2019Az, che ha ricordato anche l\u2019attribuzione del Compasso d\u2019Oro al progetto Domo,<SPAN style=\"mso-spacerun: yes\">&nbsp; <\/SPAN>\u201cla Biennale non \u00e8 apparsa, in tutta evidenza, in grado di orientare il nostro artigianato artistico verso nuovi e pi\u00f9 ampi riferimenti produttivi e culturali, lontani dal riprodurre imitazioni di modelli non precostituiti, bens\u00ec una sorta di riflesso dell\u2019effervescenza e del protagonismo degli ordinatori e dei vari attori senza la dovuta e comprovata competenza sulla nostra tradizione, capaci solo di emarginare i nostri artigiani rendendoli meri esecutori dei loro progetti e rubandone, tra l\u2019altro tutte le regole e le ragioni del processo creativo, la loro antica memoria e il loro bagaglio culturale\u201d. In particolare Planetta ha rilevato che \u201cridurre la capacit\u00e0 di creare significa ridurre il potenziale espressivo dell\u2019artigianato e se un esposizione non tiene conto di questi principi non pu\u00f2 qualificarsi come tale perch\u00e9 umilia, ignora e degrada il pensiero di una categoria a uno stato di dipendenza e soggezione che impedisce perfino di rappresentare le reali problematiche del lavoro artigiano e la sua riconosciuta importanza morale, economica e sociale\u201d. Red-Com.<\/SPAN><\/p>\n","protected":false},"excerpt":{"rendered":"<p>Efisio Planetta (Psd\u2019Az) ha presentato un\u2019interpellanza al presidente della Giunta regionale su \u201cLa garanzia dei diritti e delle professionalit\u00e0 degli artigiani della Sardegna partecipanti alla&#8230;<\/p>\n","protected":false},"author":2,"featured_media":0,"comment_status":"closed","ping_status":"closed","sticky":false,"template":"","format":"standard","meta":[],"categories":[49],"tags":[],"_links":{"self":[{"href":"https:\/\/www.cronacaonline.it\/index.php\/wp-json\/wp\/v2\/posts\/70586"}],"collection":[{"href":"https:\/\/www.cronacaonline.it\/index.php\/wp-json\/wp\/v2\/posts"}],"about":[{"href":"https:\/\/www.cronacaonline.it\/index.php\/wp-json\/wp\/v2\/types\/post"}],"author":[{"embeddable":true,"href":"https:\/\/www.cronacaonline.it\/index.php\/wp-json\/wp\/v2\/users\/2"}],"replies":[{"embeddable":true,"href":"https:\/\/www.cronacaonline.it\/index.php\/wp-json\/wp\/v2\/comments?post=70586"}],"version-history":[{"count":0,"href":"https:\/\/www.cronacaonline.it\/index.php\/wp-json\/wp\/v2\/posts\/70586\/revisions"}],"wp:attachment":[{"href":"https:\/\/www.cronacaonline.it\/index.php\/wp-json\/wp\/v2\/media?parent=70586"}],"wp:term":[{"taxonomy":"category","embeddable":true,"href":"https:\/\/www.cronacaonline.it\/index.php\/wp-json\/wp\/v2\/categories?post=70586"},{"taxonomy":"post_tag","embeddable":true,"href":"https:\/\/www.cronacaonline.it\/index.php\/wp-json\/wp\/v2\/tags?post=70586"}],"curies":[{"name":"wp","href":"https:\/\/api.w.org\/{rel}","templated":true}]}}