{"id":70559,"date":"2011-08-09T00:00:00","date_gmt":"2011-08-08T22:00:00","guid":{"rendered":"http:\/\/www.cronacaonline.it\/public\/content\/index.php\/2011\/08\/09\/marmilla-mille-emozioni-2011-il-suono-dentro\/"},"modified":"2011-08-09T00:00:00","modified_gmt":"2011-08-08T22:00:00","slug":"marmilla-mille-emozioni-2011-il-suono-dentro","status":"publish","type":"post","link":"https:\/\/www.cronacaonline.it\/index.php\/2011\/08\/09\/marmilla-mille-emozioni-2011-il-suono-dentro\/","title":{"rendered":"Marmilla mille emozioni 2011 il suono dentro"},"content":{"rendered":"<p><SPAN style=\"FONT-FAMILY: 'Verdana', 'sans-serif'; BACKGROUND: white; COLOR: black\">E' arrivata un'altra splendida estate in Marmilla. Emozioni, gioia, divertimento sono le parole chiave della manifestazione Marmilla Mille Emozioni che, arrivata al terzo appuntamento, \u00e8 ormai sinonimo di un modo di vivere la Sardegna in modo diverso, fuori dagli schemi.<\/SPAN><\/p>\n<p><SPAN style=\"FONT-FAMILY: 'Verdana', 'sans-serif'; BACKGROUND: white; COLOR: black\">&nbsp;<\/SPAN><\/p>\n<p><SPAN style=\"FONT-FAMILY: 'Verdana', 'sans-serif'; BACKGROUND: white; COLOR: black\">Protagonista \u00e8 sempre l'arte in tutte le sue sfaccettature, e assieme lo scambio culturale, la mescolanza di ideologie, la valorizzazione in chiave innovativa della cultura locale. E questo \u00e8 l'obiettivo dell'Agenzia di Sviluppo Locale Due Giare che lavorando con la filosofia del Distretto Culturale Evoluto ha preparato la manifestazione.<\/SPAN><\/p>\n<p><SPAN style=\"FONT-FAMILY: 'Verdana', 'sans-serif'; BACKGROUND: white; COLOR: black\">&nbsp;<\/SPAN><\/p>\n<p><SPAN style=\"FONT-FAMILY: 'Verdana', 'sans-serif'; BACKGROUND: white; COLOR: black\">Quest'anno \u00e8 il suono il filo conduttore di tutti gli appuntamenti. \u00c9 il suono dei diversi linguaggi artistici che si unisce a quello leggero dei campi assolati, soave dei borghi, allegro delle piccole comunit\u00e0 dando vita cos\u00ec a nuove melodie capaci di sedurre e incantare.<\/SPAN><\/p>\n<p><SPAN style=\"FONT-FAMILY: 'Verdana', 'sans-serif'; BACKGROUND: white; COLOR: black\">&nbsp;<\/SPAN><\/p>\n<p><SPAN style=\"FONT-FAMILY: 'Verdana', 'sans-serif'; BACKGROUND: white; COLOR: black\">Si comincia il 19 agosto a Gonnosn\u00f2 con Movethebox Music Fest: un mega concerto che diventa simbolo dell'energia vitale del territorio e&nbsp;&nbsp;al quale parteciperanno Casino Royale,&nbsp;&nbsp;Assalti Frontali, Bentesoi, Sikitikis e infine il dj set dei Signorafranca. Presenter\u00e0 la serata John Vignola, uno dei nomi pi\u00f9 conosciuti di Rai Radiodue. Poi si prosegue dal 25 al 28 agosto a Pompu, Curcuris, Sini e Senis con la 5\u00b0 edizione di Sogni a Spazi Aperti,&nbsp;&nbsp;gli spettacoli del teatro che non sono solo delle rappresentazioni ma degli eventi capaci di esaltare e tirare&nbsp;&nbsp;fuori l'anima dei piccoli paesi. Ci saranno anche una serie di punti ristoro che proporranno \"cibo di strada\" coerentemente con le operazioni artistiche proposte.<\/SPAN><\/p>\n<p><SPAN style=\"FONT-FAMILY: 'Verdana', 'sans-serif'; BACKGROUND: white; COLOR: black\">&nbsp;<\/SPAN><\/p>\n<p><SPAN style=\"FONT-FAMILY: 'Verdana', 'sans-serif'; BACKGROUND: white; COLOR: black\">Il 17 settembre&nbsp;&nbsp;a Villa Verde c'\u00e8 la 2\u00b0 edizione dell'evento etnografico identitario, quest\u2019anno chiamato \u201cTorrai a Passu\u201d, per analizzare e rivitalizzare gli aspetti etnografici dell'isola. La giornata sar\u00e0 interamente dedicata alla danza tradizionale, ai suoi sviluppi e trasformazioni prima con una tavola rotonda di approfondimento sui temi della danza con esperti del settore&nbsp;&nbsp;e poi con un concerto\/festa del ballo sardo. A ottobre invece uno degli appuntamenti&nbsp;&nbsp;pi\u00f9 attesi soprattutto dai pi\u00f9 piccoli: la 7\u00b0 edizione dell'Olimpiade del gioco tradizionale della Sardegna che si svolger\u00e0 il 1\u00b0 a Setzu e il 2 a Baradili. Il teatro della manifestazione anche per l'Olimpiade<\/SPAN><\/p>\n<p><SPAN style=\"FONT-FAMILY: 'Verdana', 'sans-serif'; BACKGROUND: white; COLOR: black\">sono i centri storici sapientemente riqualificati della Marmilla. Ambientazione dei primi anni del 900 e bambini di diverse parti di Sardegna che troveranno nel gioco un'occasione di incontro, di conoscenza e di riappropriazione degli spazi in un evento che riesce sempre a incantare anche gli adulti.<\/SPAN><\/p>\n<p><SPAN style=\"FONT-FAMILY: 'Verdana', 'sans-serif'; BACKGROUND: white; COLOR: black\">&nbsp;<\/SPAN><\/p>\n<p><SPAN style=\"FONT-FAMILY: 'Verdana', 'sans-serif'; BACKGROUND: white; COLOR: black\">Marmilla Mille Emozioni \u00e8 anche Movethebox Lab, il programma formativo pensato con l'obiettivo di dare ai giovani del territorio un'opportunit\u00e0 di lavoro nel settore culturale. Quest'anno si terranno il corso per \u201cTecnico delle attivit\u00e0 di illuminazione, scenotecnica e fonica di spettacoli teatrali e eventi dal vivo\u201d e il \u201cworkshop di Teatro-danza per spazi aperti\u201d.<\/SPAN><\/p>\n<p><SPAN style=\"FONT-FAMILY: 'Verdana', 'sans-serif'; BACKGROUND: white; COLOR: black\">\"Cultura, turismo, sviluppo \u00e8 ci\u00f2 che vorremmo per questo territorio ed \u00e8 quello che speriamo queste iniziative pensate per esaltare la tradizione attraverso l\u2019innovazione, contribuiscano a creare\" dice&nbsp;&nbsp;Lino Zedda, Presidente del Consorzio Due Giare.<\/SPAN><\/p>\n<p><SPAN style=\"FONT-FAMILY: 'Verdana', 'sans-serif'; BACKGROUND: white; COLOR: black\">&nbsp;<\/SPAN><\/p>\n<p><SPAN style=\"FONT-FAMILY: 'Verdana', 'sans-serif'; BACKGROUND: white; COLOR: black\">Per Diego Loi, direttore dell\u2019Agenzia Due Giare \u201cSi rafforza di anno in anno la strategia di sviluppo legata alla cultura che si radica nel territorio e che vedr\u00e0 a breve un ulteriore importante tassello con il completamento dei lavori del Centro di Produzione Culturale Move the Box, nell'ambito del&nbsp;Distretto Culturale Evoluto della Marmilla.<\/SPAN><\/p>\n","protected":false},"excerpt":{"rendered":"<p>E&#8217; arrivata un&#8217;altra splendida estate in Marmilla. Emozioni, gioia, divertimento sono le parole chiave della manifestazione Marmilla Mille Emozioni che, arrivata al terzo appuntamento, \u00e8&#8230;<\/p>\n","protected":false},"author":2,"featured_media":10511,"comment_status":"closed","ping_status":"closed","sticky":false,"template":"","format":"standard","meta":[],"categories":[49],"tags":[],"_links":{"self":[{"href":"https:\/\/www.cronacaonline.it\/index.php\/wp-json\/wp\/v2\/posts\/70559"}],"collection":[{"href":"https:\/\/www.cronacaonline.it\/index.php\/wp-json\/wp\/v2\/posts"}],"about":[{"href":"https:\/\/www.cronacaonline.it\/index.php\/wp-json\/wp\/v2\/types\/post"}],"author":[{"embeddable":true,"href":"https:\/\/www.cronacaonline.it\/index.php\/wp-json\/wp\/v2\/users\/2"}],"replies":[{"embeddable":true,"href":"https:\/\/www.cronacaonline.it\/index.php\/wp-json\/wp\/v2\/comments?post=70559"}],"version-history":[{"count":0,"href":"https:\/\/www.cronacaonline.it\/index.php\/wp-json\/wp\/v2\/posts\/70559\/revisions"}],"wp:featuredmedia":[{"embeddable":true,"href":"https:\/\/www.cronacaonline.it\/index.php\/wp-json\/"}],"wp:attachment":[{"href":"https:\/\/www.cronacaonline.it\/index.php\/wp-json\/wp\/v2\/media?parent=70559"}],"wp:term":[{"taxonomy":"category","embeddable":true,"href":"https:\/\/www.cronacaonline.it\/index.php\/wp-json\/wp\/v2\/categories?post=70559"},{"taxonomy":"post_tag","embeddable":true,"href":"https:\/\/www.cronacaonline.it\/index.php\/wp-json\/wp\/v2\/tags?post=70559"}],"curies":[{"name":"wp","href":"https:\/\/api.w.org\/{rel}","templated":true}]}}