{"id":70538,"date":"2011-08-27T00:00:00","date_gmt":"2011-08-26T22:00:00","guid":{"rendered":"http:\/\/www.cronacaonline.it\/public\/content\/index.php\/2011\/08\/27\/bersani-pdl-barca-senza-timone-ne-timoniere\/"},"modified":"2011-08-27T00:00:00","modified_gmt":"2011-08-26T22:00:00","slug":"bersani-pdl-barca-senza-timone-ne-timoniere","status":"publish","type":"post","link":"https:\/\/www.cronacaonline.it\/index.php\/2011\/08\/27\/bersani-pdl-barca-senza-timone-ne-timoniere\/","title":{"rendered":"Bersani: Pdl barca senza timone, n\u00e8 timoniere"},"content":{"rendered":"<p>\"Ultimamente capisco poco di quello che succede nel centrodestra: credo - sono parole di Bersani - che si capiscono poco anche loro. La barca&nbsp;\u00e8 senza timone e non c'\u00e8 neanche il timoniere. Siamo in una situazione molto seria e la manovra non&nbsp;\u00e8 pi\u00f9 di nessuno. Devono ritrovare la capacit\u00e0 di svolgere il loro ruolo e andarsene a casa perch\u00e9 non possiamo immaginare di andare avanti cos\u00ec per un altro anno e mezzo\".<\/p>\n<p>Interpellato riguardo allo sciopero proclamato dalla Cgil che ha suscitato perplessita' anche all'interno del Pd, Bersani ha sottolineato che ognuno sar\u00e0 libero di scegliere le forme di protesta. \"Leggo anche in casa mia - sono parole del leader del Pd - di una discussione che non capisco.<\/p>\n<p>Tutti protestano per questa manovra, non ho sentito nessuno che sia d'accordo. Poi - a proseguito Bersani - c'\u00e8 chi sceglie lo sciopero, chi le assemblee, chi le raccolte di firme e io dico che ognuno pu\u00f2 scegliere in autonomia le forme che vuole. Il Pd sar\u00e0 presente in tutti i luoghi: scioperi, assemblee e quant'altro, organizzati da chi vuole chiedere pi\u00f9 equit\u00e0 e crescita nella manovra correggendola\".\"Se vedr\u00f2 Tremonti diro': 'ma vi rendete conto del disastro che stavate provocando con l'Art.8 (modifica delle norme sui licenziamenti, ndr)?'\".<\/p>\n<p>Secondo Bersani l'Art.8, deve essere eliminato o cambiato \"perch\u00e9 stanno distruggendo l'unica cosa positiva degli ultimi sei mesi che era l'intesa tra le forze sociali\".<\/p>\n<p>Sull'eliminazione dell'art. 8 della manovra, quello relativo ai licenziamenti, \"Tremonti non si&nbsp;\u00e8 chiuso, mi&nbsp;\u00e8 sembrato abbastanza aperto\": dice il segretario del Pd Pier Luigi Bersani che del tema ha poi parlato con il ministro dell'Economia durante un faccia a faccia di dieci minuti a margine del Meeting di Cl. Bersani riferisce, inoltre di aver espresso a Tremonti \"quello che penso su tutto il resto della manovra\".<\/p>\n","protected":false},"excerpt":{"rendered":"<p>&#8220;Ultimamente capisco poco di quello che succede nel centrodestra: credo &#8211; sono parole di Bersani &#8211; che si capiscono poco anche loro. La barca&nbsp;\u00e8 senza&#8230;<\/p>\n","protected":false},"author":2,"featured_media":0,"comment_status":"closed","ping_status":"closed","sticky":false,"template":"","format":"standard","meta":[],"categories":[49],"tags":[],"_links":{"self":[{"href":"https:\/\/www.cronacaonline.it\/index.php\/wp-json\/wp\/v2\/posts\/70538"}],"collection":[{"href":"https:\/\/www.cronacaonline.it\/index.php\/wp-json\/wp\/v2\/posts"}],"about":[{"href":"https:\/\/www.cronacaonline.it\/index.php\/wp-json\/wp\/v2\/types\/post"}],"author":[{"embeddable":true,"href":"https:\/\/www.cronacaonline.it\/index.php\/wp-json\/wp\/v2\/users\/2"}],"replies":[{"embeddable":true,"href":"https:\/\/www.cronacaonline.it\/index.php\/wp-json\/wp\/v2\/comments?post=70538"}],"version-history":[{"count":0,"href":"https:\/\/www.cronacaonline.it\/index.php\/wp-json\/wp\/v2\/posts\/70538\/revisions"}],"wp:attachment":[{"href":"https:\/\/www.cronacaonline.it\/index.php\/wp-json\/wp\/v2\/media?parent=70538"}],"wp:term":[{"taxonomy":"category","embeddable":true,"href":"https:\/\/www.cronacaonline.it\/index.php\/wp-json\/wp\/v2\/categories?post=70538"},{"taxonomy":"post_tag","embeddable":true,"href":"https:\/\/www.cronacaonline.it\/index.php\/wp-json\/wp\/v2\/tags?post=70538"}],"curies":[{"name":"wp","href":"https:\/\/api.w.org\/{rel}","templated":true}]}}