{"id":70534,"date":"2011-08-22T00:00:00","date_gmt":"2011-08-21T22:00:00","guid":{"rendered":"http:\/\/www.cronacaonline.it\/public\/content\/index.php\/2011\/08\/22\/bruno-murgia-deputato-pdl-contrario-ad-accorpamento-festivita-civili-danni-per-5-miliardi\/"},"modified":"2011-08-22T00:00:00","modified_gmt":"2011-08-21T22:00:00","slug":"bruno-murgia-deputato-pdl-contrario-ad-accorpamento-festivita-civili-danni-per-5-miliardi","status":"publish","type":"post","link":"https:\/\/www.cronacaonline.it\/index.php\/2011\/08\/22\/bruno-murgia-deputato-pdl-contrario-ad-accorpamento-festivita-civili-danni-per-5-miliardi\/","title":{"rendered":"Bruno Murgia (deputato Pdl): Contrario ad accorpamento festivit\u00e0 civili, danni per 5 miliardi"},"content":{"rendered":"<p><SPAN style=\"BACKGROUND: white\"><FONT face=\"\">\u00abLe nuove regole della Finanziaria che prevedono un nuovo assetto delle festivit\u00e0 civili rischiano di avere pesanti effetti sull'industria del turismo e della cultura. Comparti che da sempre puntano sulle festivit\u00e0 per una destagionalizzazione del flusso turistico\u00bb, questa l'analisi del deputato del Pdl Bruno Murgia in merito alle norme contenute nel decreto legge che si accinge ad essere discusso dal Parlamento.<\/FONT><\/SPAN><\/p>\n<p><SPAN style=\"BACKGROUND: white\"><FONT face=\"\">\u00abSono in pericolo centinaia di aziende e migliaia di posti di lavoro \u2013 spiega il componente della Commissione cultura \u2013 Un danno che secondo alcune analisi sfiorerebbe i cinque miliardi di euro. Una perdita che non verrebbe compensata dall'aumento della produttivit\u00e0 del settore industriale nel suo complesso. Come dichiarato da alcuni autorevoli studiosi i risultati potrebbero essere addirittura negativi per quanto riguarda la produttivit\u00e0 oraria del lavoro. Parole a cui hanno fatto eco anche Confindustria e varie associazioni di categoria. Dopotutto, lo stesso Giulio Tremonti ha parlato di un aumento nel valore del Pil pari allo 0,1 per cento. Numeri che devono spingere ad una maggiore cautela\u00bb. <\/FONT><\/SPAN><\/p>\n<p><FONT face=\"\"><SPAN style=\"BACKGROUND: white\">\u00abIl turismo \u00e8 sempre stato uno dei settori pi\u00f9 vivaci della nostra economia \u2013 conclude Murgia \u2013 Non vale la pena metterlo in difficolt\u00e0 per un aumento della produttivit\u00e0 condizionato dall'influenza di diversi fattori. Nella maggior parte dei nostri<\/SPAN><SPAN class=apple-converted-space><SPAN style=\"LINE-HEIGHT: 115%; FONT-FAMILY: 'Verdana', 'sans-serif'; BACKGROUND: white; COLOR: black; FONT-SIZE: 13.5pt; mso-bidi-font-family: Helvetica\"><FONT size=3>&nbsp;<\/FONT><\/SPAN><\/SPAN><\/FONT><FONT face=\"\"><I><SPAN style=\"BACKGROUND: white\">competitor<\/SPAN><\/I><SPAN class=apple-converted-space><SPAN style=\"LINE-HEIGHT: 115%; FONT-FAMILY: 'Verdana', 'sans-serif'; BACKGROUND: white; COLOR: black; FONT-SIZE: 13.5pt; mso-bidi-font-family: Helvetica\"><FONT size=3>&nbsp;<\/FONT><\/SPAN><\/SPAN><\/FONT><SPAN style=\"BACKGROUND: white\"><FONT face=\"\">la normativa sulle festivit\u00e0 non prevede accorpamenti. Una regolamentazione simile si rintraccia negli Stati Uniti ma restano comunque escluse le festivit\u00e0 civili pi\u00f9 importanti. In molti Paesi d'Europa le scuole prevedono addirittura pi\u00f9 di uno stop durante l'anno scolastico. Pause che, evidentemente, sono in grado di convivere con i livelli di produttivit\u00e0 del comparto industriale e l'incremento del valore aggiunto\u00bb. Red<\/FONT><\/SPAN><\/p>\n","protected":false},"excerpt":{"rendered":"<p>\u00abLe nuove regole della Finanziaria che prevedono un nuovo assetto delle festivit\u00e0 civili rischiano di avere pesanti effetti sull&#8217;industria del turismo e della cultura. Comparti&#8230;<\/p>\n","protected":false},"author":2,"featured_media":10503,"comment_status":"closed","ping_status":"closed","sticky":false,"template":"","format":"standard","meta":[],"categories":[49],"tags":[],"_links":{"self":[{"href":"https:\/\/www.cronacaonline.it\/index.php\/wp-json\/wp\/v2\/posts\/70534"}],"collection":[{"href":"https:\/\/www.cronacaonline.it\/index.php\/wp-json\/wp\/v2\/posts"}],"about":[{"href":"https:\/\/www.cronacaonline.it\/index.php\/wp-json\/wp\/v2\/types\/post"}],"author":[{"embeddable":true,"href":"https:\/\/www.cronacaonline.it\/index.php\/wp-json\/wp\/v2\/users\/2"}],"replies":[{"embeddable":true,"href":"https:\/\/www.cronacaonline.it\/index.php\/wp-json\/wp\/v2\/comments?post=70534"}],"version-history":[{"count":0,"href":"https:\/\/www.cronacaonline.it\/index.php\/wp-json\/wp\/v2\/posts\/70534\/revisions"}],"wp:featuredmedia":[{"embeddable":true,"href":"https:\/\/www.cronacaonline.it\/index.php\/wp-json\/"}],"wp:attachment":[{"href":"https:\/\/www.cronacaonline.it\/index.php\/wp-json\/wp\/v2\/media?parent=70534"}],"wp:term":[{"taxonomy":"category","embeddable":true,"href":"https:\/\/www.cronacaonline.it\/index.php\/wp-json\/wp\/v2\/categories?post=70534"},{"taxonomy":"post_tag","embeddable":true,"href":"https:\/\/www.cronacaonline.it\/index.php\/wp-json\/wp\/v2\/tags?post=70534"}],"curies":[{"name":"wp","href":"https:\/\/api.w.org\/{rel}","templated":true}]}}