{"id":70502,"date":"2011-08-03T00:00:00","date_gmt":"2011-08-02T22:00:00","guid":{"rendered":"http:\/\/www.cronacaonline.it\/public\/content\/index.php\/2011\/08\/03\/carceri-caligaris-sdr-personale-senza-stipendio-da-tre-mesi-anche-a-buoncammino\/"},"modified":"2011-08-03T00:00:00","modified_gmt":"2011-08-02T22:00:00","slug":"carceri-caligaris-sdr-personale-senza-stipendio-da-tre-mesi-anche-a-buoncammino","status":"publish","type":"post","link":"https:\/\/www.cronacaonline.it\/index.php\/2011\/08\/03\/carceri-caligaris-sdr-personale-senza-stipendio-da-tre-mesi-anche-a-buoncammino\/","title":{"rendered":"Carceri \u2013 Caligaris (Sdr): \u201cPersonale senza stipendio da tre mesi anche a Buoncammino\u201d."},"content":{"rendered":"<p><SPAN style=\"FONT-FAMILY: 'Verdana', 'sans-serif'; mso-fareast-font-family: 'Times New Roman'; mso-bidi-font-family: 'Times New Roman'; mso-fareast-language: IT\">Maria Grazia Caligaris, presidente dell\u2019associazione \u201cSocialismo Diritti Riforme\u201d, ha denunciato: \u201cIl personale medico, tecnico e infermieristico che lavora a contratto negli Istituti di Pena della Sardegna non riceve lo stipendio da tre mesi\u201d. <\/SPAN><\/p>\n<p><SPAN style=\"FONT-FAMILY: 'Verdana', 'sans-serif'; mso-fareast-font-family: 'Times New Roman'; mso-bidi-font-family: 'Times New Roman'; mso-fareast-language: IT\"><\/SPAN>&nbsp;<\/p>\n<p><SPAN style=\"FONT-FAMILY: 'Verdana', 'sans-serif'; mso-fareast-font-family: 'Times New Roman'; mso-bidi-font-family: 'Times New Roman'; mso-fareast-language: IT\">\u201cPer molti dei circa 250 operatori \u2013 di cui una settantina nel carcere cagliaritano di Buoncammino \u2013 la situazione finanziaria familiare \u2013 ha sottolineato la Caligaris - \u00e8 divenuta insostenibile. E\u2019 una vicenda assurda in quanto la Regione ha da tempo stanziato le somme per la sanit\u00e0 penitenziaria. Deve ora intervenire il Ministero della Giustizia garantendo il pagamento degli stipendi arretrati relativi a dicembre 2010 e a giugno e luglio 2011. Il Dipartimento dell\u2019Amministrazione Penitenziaria non pu\u00f2 contare sullo spirito di abnegazione e di sacrificio di persone chiamate ad un superlavoro per il sovraffollamento delle carceri e del Centro Diagnostico Terapeurico di Buoncammino con detenuti affetti da patologie molto gravi\u201d.<\/SPAN><\/p>\n<p><SPAN style=\"FONT-FAMILY: 'Verdana', 'sans-serif'; mso-fareast-font-family: 'Times New Roman'; mso-bidi-font-family: 'Times New Roman'; mso-fareast-language: IT\">\u201cIncomprensibile e inquietante il ritardo nel\u2019erogazione delle spettanze, tenuto conto \u2013 ha concluso la presidente di Sdr \u2013 che sono soldi dovuti in permanenza di contratto fino a quando la Regione non subentrer\u00e0 a tutti gli effetti nella gestione della sanit\u00e0 penitenziaria come il Decreto del Presidente della Repubblica ha recentemente sancito. Il mancato pagamento sta provocando un ovvio malessere anche perch\u00e9 nel frattempo non sono stati sospesi n\u00e9 i pagamenti dei muti n\u00e9 le tasse e imposte\u201d. Com.<\/SPAN><\/p>\n<p><SPAN style=\"FONT-FAMILY: 'Verdana', 'sans-serif'; mso-fareast-font-family: 'Times New Roman'; mso-bidi-font-family: 'Times New Roman'; mso-fareast-language: IT\">&nbsp;<\/SPAN><\/p>\n","protected":false},"excerpt":{"rendered":"<p>Maria Grazia Caligaris, presidente dell\u2019associazione \u201cSocialismo Diritti Riforme\u201d, ha denunciato: \u201cIl personale medico, tecnico e infermieristico che lavora a contratto negli Istituti di Pena della&#8230;<\/p>\n","protected":false},"author":2,"featured_media":10482,"comment_status":"closed","ping_status":"closed","sticky":false,"template":"","format":"standard","meta":[],"categories":[49],"tags":[],"_links":{"self":[{"href":"https:\/\/www.cronacaonline.it\/index.php\/wp-json\/wp\/v2\/posts\/70502"}],"collection":[{"href":"https:\/\/www.cronacaonline.it\/index.php\/wp-json\/wp\/v2\/posts"}],"about":[{"href":"https:\/\/www.cronacaonline.it\/index.php\/wp-json\/wp\/v2\/types\/post"}],"author":[{"embeddable":true,"href":"https:\/\/www.cronacaonline.it\/index.php\/wp-json\/wp\/v2\/users\/2"}],"replies":[{"embeddable":true,"href":"https:\/\/www.cronacaonline.it\/index.php\/wp-json\/wp\/v2\/comments?post=70502"}],"version-history":[{"count":0,"href":"https:\/\/www.cronacaonline.it\/index.php\/wp-json\/wp\/v2\/posts\/70502\/revisions"}],"wp:featuredmedia":[{"embeddable":true,"href":"https:\/\/www.cronacaonline.it\/index.php\/wp-json\/"}],"wp:attachment":[{"href":"https:\/\/www.cronacaonline.it\/index.php\/wp-json\/wp\/v2\/media?parent=70502"}],"wp:term":[{"taxonomy":"category","embeddable":true,"href":"https:\/\/www.cronacaonline.it\/index.php\/wp-json\/wp\/v2\/categories?post=70502"},{"taxonomy":"post_tag","embeddable":true,"href":"https:\/\/www.cronacaonline.it\/index.php\/wp-json\/wp\/v2\/tags?post=70502"}],"curies":[{"name":"wp","href":"https:\/\/api.w.org\/{rel}","templated":true}]}}