{"id":70496,"date":"2011-08-19T00:00:00","date_gmt":"2011-08-18T22:00:00","guid":{"rendered":"https:\/\/www.cronacaonline.it\/index.php\/2011\/08\/19\/la-pattuglia-aerea-acrobatica-delle-frecce-tricolori-oggi-e-giunta-allaeroporto-costa-smeralda-in-vista-della-manifestazione-cielo-sardegna-2011-che-si-svolgera-davanti-al-lido-di-pittulongu-domenica\/"},"modified":"2011-08-19T00:00:00","modified_gmt":"2011-08-18T22:00:00","slug":"la-pattuglia-aerea-acrobatica-delle-frecce-tricolori-oggi-e-giunta-allaeroporto-costa-smeralda-in-vista-della-manifestazione-cielo-sardegna-2011-che-si-svolgera-davanti-al-lido-di-pittulongu-domenica","status":"publish","type":"post","link":"https:\/\/www.cronacaonline.it\/index.php\/2011\/08\/19\/la-pattuglia-aerea-acrobatica-delle-frecce-tricolori-oggi-e-giunta-allaeroporto-costa-smeralda-in-vista-della-manifestazione-cielo-sardegna-2011-che-si-svolgera-davanti-al-lido-di-pittulongu-domenica\/","title":{"rendered":"La Pattuglia aerea acrobatica delle Frecce Tricolori oggi \u00e8 giunta all\u2019aeroporto Costa Smeralda in vista della manifestazione \u201cCielo Sardegna  2011\u201d che si svolger\u00e0 davanti al Lido di Pittulongu domenica 21 agosto a partire della 16.30."},"content":{"rendered":"<p><SPAN style=\"LINE-HEIGHT: 115%; FONT-SIZE: 14pt\"><FONT face=Calibri>Alle 11.45 il il primo aereo della pattuglia acrobatica delle Frecce Tricolori , il n.1 del capo formazione Jan Slangen, ha toccato terra all\u2019aeroporto Costa Smeralda per posizionarsi davanti all\u2019area degli hangar della compagnia Meridiana.<\/FONT><\/SPAN><\/p>\n<p><SPAN style=\"LINE-HEIGHT: 115%; FONT-SIZE: 14pt\"><FONT face=Calibri>Successivamente, direttamente dall\u2019aeroporto militare di Rivolto in provincia di Udine sono arrivati gli altri 9 AerMacchi MB 339 che domenica 21 agosto ad Olbia parteciperanno alla manifestazione \u201cCielo Sardegna 2011\u201d, davanti al Lido di Pittulongu, evento voluto dalla Provincia di Olbia Tempio, organizzato in stretta sinergia con il Comune<SPAN style=\"mso-spacerun: yes\">&nbsp; <\/SPAN>e con il supporto dell\u2019Aero Club Costa Smeralda nel quadro delle manifestazioni inserite nel<SPAN style=\"mso-spacerun: yes\">&nbsp; <\/SPAN><SPAN style=\"mso-bidi-font-weight: bold; mso-bidi-font-style: italic\">Piano di Promozione della Provincia <\/SPAN>celebrative del <SPAN style=\"mso-bidi-font-weight: bold\">\u201c<I>150\u00b0 anniversario dell\u2019Unit\u00e0 d\u2019Italia\u201d<\/I><SPAN style=\"mso-bidi-font-style: italic\">.<SPAN style=\"mso-spacerun: yes\">&nbsp; <\/SPAN><\/SPAN><\/SPAN><\/FONT><\/SPAN><\/p>\n<p><SPAN style=\"LINE-HEIGHT: 115%; FONT-SIZE: 14pt; mso-bidi-font-weight: bold; mso-bidi-font-style: italic\"><FONT face=Calibri>Ad accogliere i piloti il Presidente della Provincia Fedele Sanciu e il suo Staff,<SPAN style=\"mso-spacerun: yes\">&nbsp; <\/SPAN>l\u2019assessore al Turismo Giuseppe Baffigo, il presidente dell\u2019Aeroclub Olbia Costa Smeralda Stefano Arru e il vicepresidente Rosario Cirotto. <\/FONT><\/SPAN><\/p>\n<p><SPAN style=\"LINE-HEIGHT: 115%; COLOR: #2a2a2a; FONT-SIZE: 14pt\"><FONT face=Calibri>\u201cMi preme evidenziare \u2013 ha detto Sanciu -<SPAN style=\"mso-spacerun: yes\">&nbsp; <\/SPAN>il ruolo della Provincia Olbia Tempio che con il sostegno del Comune ha fortemente voluto l\u2019evento che \u00e8 finalizzato ad avvicinare i giovani al mondo del volo che pu\u00f2 offrire sbocchi di responsabilit\u00e0, prestigio, altamente remunerativi. Grazie all\u2019Aeroclub<SPAN style=\"mso-spacerun: yes\">&nbsp; <\/SPAN>sono stati formati circa 750 piloti , 65 di questi fanno<SPAN style=\"mso-spacerun: yes\">&nbsp; <\/SPAN>parte della pattuglia dei sardi che lavorano nell\u2019ambito dell\u2019aeronautica internazionale \u201d.<\/FONT><\/SPAN><\/p>\n<p><SPAN style=\"LINE-HEIGHT: 115%; FONT-SIZE: 14pt; mso-bidi-font-weight: bold; mso-bidi-font-style: italic\"><FONT face=Calibri><SPAN style=\"mso-spacerun: yes\">&nbsp;<\/SPAN>\u201cIl Golfo di Olbia la Costa Smeralda e la Sardegna non hanno bisogno di rappresentazioni data la loro bellezza \u2013 ha detto il comandante delle Frecce Tricolori il Tenente Colonnello Marco Lant \u2013 \u00e8 motivo di grande prestigio per noi esibirci qui\u201d.<\/FONT><\/SPAN><\/p>\n<p><SPAN style=\"LINE-HEIGHT: 115%; FONT-SIZE: 14pt; mso-bidi-font-weight: bold; mso-bidi-font-style: italic\"><FONT face=Calibri>&nbsp;<\/FONT><\/SPAN><\/p>\n<p><SPAN style=\"LINE-HEIGHT: 115%; FONT-SIZE: 14pt; mso-bidi-font-weight: bold; mso-bidi-font-style: italic\"><FONT face=Calibri>Le Frecce Tricolori nel 2010 hanno celebrato il 50esimo anno dalla loro fondazione, ma \u00e8 stato deciso di prolungare i festeggiamenti fino al 2011 per farli coincidere con i 150 anni dell\u2019Unit\u00e0 d\u2019Italia.<SPAN style=\"mso-spacerun: yes\">&nbsp; <\/SPAN>\u201cOgni anno \u2013 ha spiegato Lant \u2013 facciamo circa 20 esibizioni, in Italia e all\u2019estero e il nostro allenamento si svolge prevalentemente di inverno\u201d.<SPAN style=\"mso-spacerun: yes\">&nbsp; <\/SPAN><\/FONT><\/SPAN><\/p>\n<p><FONT face=Calibri><SPAN style=\"LINE-HEIGHT: 115%; FONT-SIZE: 14pt; mso-bidi-font-weight: bold; mso-bidi-font-style: italic\">Il programma di domenica<SPAN style=\"mso-spacerun: yes\">&nbsp; <\/SPAN>21<SPAN style=\"mso-spacerun: yes\">&nbsp; <\/SPAN>agosto prevede che le Frecce Tricolori si esibiscano con le loro evoluzioni spettacolari<SPAN style=\"mso-spacerun: yes\">&nbsp; <\/SPAN>a partire dalle 18.00 per 22 minuti, lo spettacolo per\u00f2 inizier\u00e0 ben prima, esattamente alle 16.30 con i <\/SPAN><SPAN style=\"LINE-HEIGHT: 115%; FONT-SIZE: 14pt\"><SPAN style=\"mso-spacerun: yes\">&nbsp;<\/SPAN>gli elicotteri dei Carabinieri<SPAN style=\"mso-spacerun: yes\">&nbsp; <\/SPAN>e della Capitaneria di Porto che simuleranno due distinte operazioni di salvataggio. Poi la presentazione dei velivoli dell\u2019Aeroclub e l\u2019esibizione acrobatica di un socio pilota, infine i Canadair della Protezione Civile che ripercorreranno le fasi dello spegnimento di un incendio. La manifestazione sar\u00e0 accompagnata da uno speaker che racconter\u00e0 dettagli e particolarit\u00e0 dell\u2019evento. <\/SPAN><\/FONT><\/p>\n<p><SPAN style=\"LINE-HEIGHT: 115%; FONT-SIZE: 14pt\"><FONT face=Calibri>La circolazione automobilistica subir\u00e0 alcune modifiche a partire dalle 13.00, orario nel quale sar\u00e0 chiusa la strada per Pittulongu, all\u2019altezza della zona nota come \u201cPozzo Sacro\u201d. Qui nel grande spazio vicino al porto industriale si potr\u00e0 parcheggiare l\u2019auto e usufruire del servizio navetta dell\u2019Aspo fino alla zona da dove il pubblico potr\u00e0 assistere alla manifestazione. Intorno alle 18.45 la strada sar\u00e0 riaperta al traffico consentendo a chi era presente a Pittulongu dalla mattina di poter defluire verso la citt\u00e0<SPAN style=\"mso-spacerun: yes\">&nbsp; <\/SPAN>e ai bus navetta di ripercorrere in senso inverso il tragitto riportando la gente al parcheggio delle auto. <\/FONT><\/SPAN><\/p>\n<p><SPAN style=\"LINE-HEIGHT: 115%; FONT-SIZE: 14pt\"><FONT face=Calibri>L\u2019area marina interdetta davanti a Pittulongu corrisponde ad un rettangolo di 2 chilometri per 4, due boe posizionate in corrispondenza di punta Di Filio<SPAN style=\"mso-spacerun: yes\">&nbsp; <\/SPAN>e dell\u2019isola dei Porri<SPAN style=\"mso-spacerun: yes\">&nbsp; <\/SPAN>indicheranno idealmente alle imbarcazioni il limite da non valicare. Motovedette della capitaneria di Porto , mezzi della la squadra nautica della Polizia e le unit\u00e0 navali della Guardia di Finanza avranno il compito di vigilare affinch\u00e9<SPAN style=\"mso-spacerun: yes\">&nbsp; <\/SPAN>non ci siano \u201cinvasioni di campo\u201dda parte<SPAN style=\"mso-spacerun: yes\">&nbsp; <\/SPAN>di natanti e imbarcazioni da diporto. Red<\/FONT><\/SPAN><\/p>\n","protected":false},"excerpt":{"rendered":"<p>Alle 11.45 il il primo aereo della pattuglia acrobatica delle Frecce Tricolori , il n.1 del capo formazione Jan Slangen, ha toccato terra all\u2019aeroporto Costa&#8230;<\/p>\n","protected":false},"author":2,"featured_media":0,"comment_status":"closed","ping_status":"closed","sticky":false,"template":"","format":"standard","meta":[],"categories":[49],"tags":[],"_links":{"self":[{"href":"https:\/\/www.cronacaonline.it\/index.php\/wp-json\/wp\/v2\/posts\/70496"}],"collection":[{"href":"https:\/\/www.cronacaonline.it\/index.php\/wp-json\/wp\/v2\/posts"}],"about":[{"href":"https:\/\/www.cronacaonline.it\/index.php\/wp-json\/wp\/v2\/types\/post"}],"author":[{"embeddable":true,"href":"https:\/\/www.cronacaonline.it\/index.php\/wp-json\/wp\/v2\/users\/2"}],"replies":[{"embeddable":true,"href":"https:\/\/www.cronacaonline.it\/index.php\/wp-json\/wp\/v2\/comments?post=70496"}],"version-history":[{"count":0,"href":"https:\/\/www.cronacaonline.it\/index.php\/wp-json\/wp\/v2\/posts\/70496\/revisions"}],"wp:attachment":[{"href":"https:\/\/www.cronacaonline.it\/index.php\/wp-json\/wp\/v2\/media?parent=70496"}],"wp:term":[{"taxonomy":"category","embeddable":true,"href":"https:\/\/www.cronacaonline.it\/index.php\/wp-json\/wp\/v2\/categories?post=70496"},{"taxonomy":"post_tag","embeddable":true,"href":"https:\/\/www.cronacaonline.it\/index.php\/wp-json\/wp\/v2\/tags?post=70496"}],"curies":[{"name":"wp","href":"https:\/\/api.w.org\/{rel}","templated":true}]}}