{"id":70460,"date":"2011-08-24T00:00:00","date_gmt":"2011-08-23T22:00:00","guid":{"rendered":"http:\/\/www.cronacaonline.it\/public\/content\/index.php\/2011\/08\/24\/domani-a-cagliari-presentazione-del-xx-festival-internazionale-di-musica-vocale\/"},"modified":"2011-08-24T00:00:00","modified_gmt":"2011-08-23T22:00:00","slug":"domani-a-cagliari-presentazione-del-xx-festival-internazionale-di-musica-vocale","status":"publish","type":"post","link":"https:\/\/www.cronacaonline.it\/index.php\/2011\/08\/24\/domani-a-cagliari-presentazione-del-xx-festival-internazionale-di-musica-vocale\/","title":{"rendered":"Domani a Cagliari presentazione del \u201cXX Festival Internazionale di Musica Vocale\u201d"},"content":{"rendered":"<p><FONT face=\"\">Riparte con la seconda decade di attivit\u00e0 l\u2019appuntamento con la musica corale e polifonica di Concordia Vocis. Il corposo ventaglio di proposte per la XX edizione del Festival Internazionale di Musica Vocale, in programma dal 3 settembre al 9 ottobre 2011, tra le mura di storiche Cattedrali e Basiliche di Cagliari, Tortol\u00ec, Alghero e Gavoi, sar\u00e0 presentato alla stampa gioved\u00ec 25 agosto, alle ore 11 nell\u2019Aula della Giunta del Palazzo Comunale in via Roma, a Cagliari.<\/FONT><\/p>\n<p><FONT face=\"\">Parteciperanno all'incontro il Presidente del Centro Universitario Musicale di Cagliari (C.U.M.) e coordinatore generale del Festival Claudio Serra, gi\u00e0 Presidente della FE.R.S.A.CO (Federazione Regionale Sarda Associazioni Corali), i rappresentanti delle Amministrazioni Comunali di Cagliari, Tortol\u00ec, Gavoi e Alghero, i rappresentanti dell'Assessorato al Turismo della Regione Sardegna e dell\u2019Assessorato Regionale dello Spettacolo. <\/FONT><\/p>\n<p><FONT face=\"\">Organizzata dal C.U.M. l\u2019edizione 2011 di Concordia Vocis \u00e8 realizzata grazie ai contributi della Presidenza del Consiglio e della Giunta Regionale, degli Assessorati Regionali al Turismo e Commercio, della P.I.BB.CC. I e Spettacolo, dell\u00b4Amministrazione Provinciale di Cagliari e dei Comuni di Cagliari, Tortol\u00ec, Alghero e Gavoi. Alla realizzazione hanno inoltre collaborato il MIBAC, tramite la Soprintendenza di Cagliari e la Curia Arcivescovile di Cagliari che ha concesso la disponibilit\u00e0 dei luoghi di culto. &nbsp;Com<\/FONT><\/p>\n","protected":false},"excerpt":{"rendered":"<p>Riparte con la seconda decade di attivit\u00e0 l\u2019appuntamento con la musica corale e polifonica di Concordia Vocis. Il corposo ventaglio di proposte per la XX&#8230;<\/p>\n","protected":false},"author":2,"featured_media":0,"comment_status":"closed","ping_status":"closed","sticky":false,"template":"","format":"standard","meta":[],"categories":[49],"tags":[],"_links":{"self":[{"href":"https:\/\/www.cronacaonline.it\/index.php\/wp-json\/wp\/v2\/posts\/70460"}],"collection":[{"href":"https:\/\/www.cronacaonline.it\/index.php\/wp-json\/wp\/v2\/posts"}],"about":[{"href":"https:\/\/www.cronacaonline.it\/index.php\/wp-json\/wp\/v2\/types\/post"}],"author":[{"embeddable":true,"href":"https:\/\/www.cronacaonline.it\/index.php\/wp-json\/wp\/v2\/users\/2"}],"replies":[{"embeddable":true,"href":"https:\/\/www.cronacaonline.it\/index.php\/wp-json\/wp\/v2\/comments?post=70460"}],"version-history":[{"count":0,"href":"https:\/\/www.cronacaonline.it\/index.php\/wp-json\/wp\/v2\/posts\/70460\/revisions"}],"wp:attachment":[{"href":"https:\/\/www.cronacaonline.it\/index.php\/wp-json\/wp\/v2\/media?parent=70460"}],"wp:term":[{"taxonomy":"category","embeddable":true,"href":"https:\/\/www.cronacaonline.it\/index.php\/wp-json\/wp\/v2\/categories?post=70460"},{"taxonomy":"post_tag","embeddable":true,"href":"https:\/\/www.cronacaonline.it\/index.php\/wp-json\/wp\/v2\/tags?post=70460"}],"curies":[{"name":"wp","href":"https:\/\/api.w.org\/{rel}","templated":true}]}}