{"id":70407,"date":"2011-08-27T00:00:00","date_gmt":"2011-08-26T22:00:00","guid":{"rendered":"http:\/\/www.cronacaonline.it\/public\/content\/index.php\/2011\/08\/27\/duro-attacco-dellex-ministro-bondi-al-ministro-del-tesoro-tremonti-e-un-problema-e-la-lega-ci-indebolisce\/"},"modified":"2011-08-27T00:00:00","modified_gmt":"2011-08-26T22:00:00","slug":"duro-attacco-dellex-ministro-bondi-al-ministro-del-tesoro-tremonti-e-un-problema-e-la-lega-ci-indebolisce","status":"publish","type":"post","link":"https:\/\/www.cronacaonline.it\/index.php\/2011\/08\/27\/duro-attacco-dellex-ministro-bondi-al-ministro-del-tesoro-tremonti-e-un-problema-e-la-lega-ci-indebolisce\/","title":{"rendered":"Duro attacco dell&#8217;ex ministro Bondi al ministro del Tesoro: Tremonti \u00e8 un problema e la Lega ci indebolisce"},"content":{"rendered":"<p><FONT face=\"\"><SPAN class=MsoSubtleEmphasis><SPAN style=\"FONT-STYLE: normal; COLOR: windowtext; mso-bidi-font-style: italic\">\"La manovra contraddice le ragioni stesse per cui Berlusconi \u00e8 entrato in politica\", \"colpisce pesantemente il ceto medio e le classi sociali produttive\" e<\/SPAN><\/SPAN><SPAN class=MsoSubtleEmphasis><SPAN style=\"FONT-STYLE: normal; mso-bidi-font-style: italic\"><FONT color=#808080> <\/FONT><\/SPAN><\/SPAN><SPAN class=MsoSubtleEmphasis><SPAN style=\"FONT-STYLE: normal; COLOR: windowtext; mso-bidi-font-style: italic\">\"credo che per il partito Giulio Tremonti sia pi\u00f9 un problema che una risorsa\". E' il duro attacco che il coordinatore del Pdl Sandro Bondi riserva al ministro dell'Economia, intervistato da 'Libero'.<\/SPAN><\/SPAN><SPAN class=MsoSubtleEmphasis><SPAN style=\"FONT-STYLE: normal; mso-bidi-font-style: italic\"><\/SPAN><\/SPAN><\/FONT><\/p>\n<p><FONT face=\"\"><SPAN class=MsoSubtleEmphasis><SPAN style=\"FONT-STYLE: normal; COLOR: windowtext; mso-bidi-font-style: italic\">\"Tremonti non ha mai voluto partecipare alla costruzione e al rafforzamento del partito di maggioranza relativa. In questo modo non diventer\u00e0 mai un vero leader politico\", accusa Bondi, che sottolinea il \"rapporto preferenziale\" del ministro con la Lega. Quanto al Carroccio, aggiunge: \"Se perde per strada la propria vocazione di forza del cambiamento, non solo si indebolisce il governo, ma la stessa Lega perde credibilit\u00e0 di fronte ai propri elettori\".<\/SPAN><\/SPAN><SPAN class=MsoSubtleEmphasis><SPAN style=\"FONT-STYLE: normal; mso-bidi-font-style: italic\"><\/SPAN><\/SPAN><\/FONT><\/p>\n<p><FONT face=\"\"><SPAN class=MsoSubtleEmphasis><SPAN style=\"FONT-STYLE: normal; COLOR: windowtext; mso-bidi-font-style: italic\">\"Siamo pronti con una proposta unitaria che sar\u00e0 condivisa da Lega, Pdl e Responsabili alla faccia di chi ci vuole male\". A dirlo \u00e8 stato il ministro della Semplificazione Roberto Calderoli, all'inizio del dibattito alla Berghem Fest di Alzano Lombardo. Intervistato da Enrico Mentana insieme a Roberto Maroni e Angelino Alfano, il ministro per la Semplificazione Normativa ha spiegato che&nbsp;\u00e9 stato raggiunto un \"accordo di sintesi\" tra Lega e Pdl, che \"luned\u00ec sar\u00e0 sul tavolo dei segretari di partito\".&nbsp;<\/SPAN><\/SPAN><SPAN class=MsoSubtleEmphasis><SPAN style=\"FONT-STYLE: normal; mso-bidi-font-style: italic\"><\/SPAN><\/SPAN><\/FONT><\/p>\n<p><FONT face=\"\"><SPAN class=MsoSubtleEmphasis><SPAN style=\"FONT-STYLE: normal; COLOR: windowtext; mso-bidi-font-style: italic\">Calderoli ha spiegato che l'intenzione della Lega non&nbsp;\u00e8 quella di introdurre una patrimoniale ma una cosiddetta \"tassa sull'evasione\". \"E' ora - ha detto il ministro - che paghi le tasse chi non le ha mai pagate\". Parole che ricalcano quanto detto oggi da Roberto Maroni al Meeting di Rimini :\" \"Luned\u00ec ci sar\u00e0 l'incontro tra Berlusconi e Bossi, un incontro risolutivo nel corso del quale verr\u00e0 raggiunto l'accordo che porter\u00e0 alla versione definitiva della manovra\".<\/SPAN><\/SPAN><SPAN class=MsoSubtleEmphasis><SPAN style=\"FONT-STYLE: normal; mso-bidi-font-style: italic\"><\/SPAN><\/SPAN><\/FONT><\/p>\n<p><FONT face=\"\"><SPAN class=MsoSubtleEmphasis><SPAN style=\"FONT-STYLE: normal; COLOR: windowtext; mso-bidi-font-style: italic\">\"Chi non ha mai pagato o ha pagato poco deve prendere la mazzata, perch\u00e8 la<BR>crisi non pu\u00f2 avvantaggiare i furbetti. La crisi non pu\u00f2 essere il tempo dei furbetti\". Lo ha detto il segretario del Pdl, Angelino Alfano, parlando del cosiddetto 'contributo di solidariet\u00e0' alla Berghem Fest di Alzano Lombardo. Alfano ha spiegato che con i due ministri leghisti \"ci si \u00e8 accorti che era necessaria una rimodulazione del cosiddetto contributo di solidariet\u00e0', in quanto si rischiava \"che dovesse pagare chi la solidariet\u00e0 l'ha sempre dimostrata\".&nbsp;Il segretario del Pdl ha chiarito che \"l'impostazione della manovra rimane la stessa\", ma \"stiamo lavorando per renderla pi\u00f9 giusta e fare in modo che tutti paghino in proporzione alle proprie possibilita\"'.<\/SPAN><\/SPAN><SPAN class=MsoSubtleEmphasis><SPAN style=\"FONT-STYLE: normal; mso-bidi-font-style: italic\"><\/SPAN><\/SPAN><\/FONT><\/p>\n<p><SPAN class=MsoSubtleEmphasis><SPAN style=\"FONT-STYLE: normal; COLOR: windowtext; mso-bidi-font-style: italic\"><FONT face=\"\">Roberto Maroni ha ribadito che non vi sono divisioni all'interno della Lega Nord, \"una grande squadra\" con a capo Umberto Bossi. Parlando alla Berghem Fest, il ministro dell'Interno ha sostenuto, tra gli applausi: \"La Lega&nbsp;\u00e8 una squadra, non leggete i giornali che dicono ca...\".<\/FONT><\/SPAN><\/SPAN><\/p>\n","protected":false},"excerpt":{"rendered":"<p>&#8220;La manovra contraddice le ragioni stesse per cui Berlusconi \u00e8 entrato in politica&#8221;, &#8220;colpisce pesantemente il ceto medio e le classi sociali produttive&#8221; e &#8220;credo&#8230;<\/p>\n","protected":false},"author":2,"featured_media":10465,"comment_status":"closed","ping_status":"closed","sticky":false,"template":"","format":"standard","meta":[],"categories":[49],"tags":[],"_links":{"self":[{"href":"https:\/\/www.cronacaonline.it\/index.php\/wp-json\/wp\/v2\/posts\/70407"}],"collection":[{"href":"https:\/\/www.cronacaonline.it\/index.php\/wp-json\/wp\/v2\/posts"}],"about":[{"href":"https:\/\/www.cronacaonline.it\/index.php\/wp-json\/wp\/v2\/types\/post"}],"author":[{"embeddable":true,"href":"https:\/\/www.cronacaonline.it\/index.php\/wp-json\/wp\/v2\/users\/2"}],"replies":[{"embeddable":true,"href":"https:\/\/www.cronacaonline.it\/index.php\/wp-json\/wp\/v2\/comments?post=70407"}],"version-history":[{"count":0,"href":"https:\/\/www.cronacaonline.it\/index.php\/wp-json\/wp\/v2\/posts\/70407\/revisions"}],"wp:featuredmedia":[{"embeddable":true,"href":"https:\/\/www.cronacaonline.it\/index.php\/wp-json\/"}],"wp:attachment":[{"href":"https:\/\/www.cronacaonline.it\/index.php\/wp-json\/wp\/v2\/media?parent=70407"}],"wp:term":[{"taxonomy":"category","embeddable":true,"href":"https:\/\/www.cronacaonline.it\/index.php\/wp-json\/wp\/v2\/categories?post=70407"},{"taxonomy":"post_tag","embeddable":true,"href":"https:\/\/www.cronacaonline.it\/index.php\/wp-json\/wp\/v2\/tags?post=70407"}],"curies":[{"name":"wp","href":"https:\/\/api.w.org\/{rel}","templated":true}]}}