{"id":70380,"date":"2011-08-30T00:00:00","date_gmt":"2011-08-29T22:00:00","guid":{"rendered":"http:\/\/www.cronacaonline.it\/public\/content\/index.php\/2011\/08\/30\/giornata-densa-di-impegni-domani-per-il-ventitreesimo-seminario-nuoro-jazz\/"},"modified":"2011-08-30T00:00:00","modified_gmt":"2011-08-29T22:00:00","slug":"giornata-densa-di-impegni-domani-per-il-ventitreesimo-seminario-nuoro-jazz","status":"publish","type":"post","link":"https:\/\/www.cronacaonline.it\/index.php\/2011\/08\/30\/giornata-densa-di-impegni-domani-per-il-ventitreesimo-seminario-nuoro-jazz\/","title":{"rendered":"Giornata densa di impegni, domani per il ventitreesimo Seminario Nuoro Jazz."},"content":{"rendered":"<p><SPAN style=\"FONT-FAMILY: 'Verdana', 'sans-serif'; BACKGROUND: white; mso-fareast-language: IT\">Giornata densa di impegni,&nbsp;<A href=\"javascript:mails_addtocal(2,%22domani%22);\"><SPAN style=\"COLOR: #ff8000; TEXT-DECORATION: none; text-underline: none\">domani<\/SPAN><\/A>&nbsp;(mercoled\u00ec 31) a&nbsp;Nuoro&nbsp;per il ventitreesimo Seminario Jazz, in pieno svolgimento (da mercoled\u00ec scorso e fino a questo sabato) nel capoluogo barbaricino. Alle attivit\u00e0 didattiche \"ordinarie\" gi\u00e0 in corso nella scuola civica di musica in via Mughina, si aggiunge una prestigiosa masterclass: per tre giorni sale infatti in cattedra&nbsp;<U><SPAN style=\"COLOR: navy\"><a href=\"http:\/\/www.johnsurman.com\/\" target=\"_blank\" rel=\"noopener noreferrer\"><SPAN style=\"COLOR: blue\">John Surman<\/SPAN><\/A><\/SPAN><\/U>, una figura chiave di quella generazione di musicisti che ha contribuito a definire i contorni del jazz nel vecchio continente degli ultimi quattro decenni.<\/SPAN><\/p>\n<p><SPAN style=\"FONT-FAMILY: 'Verdana', 'sans-serif'; BACKGROUND: white; mso-fareast-language: IT\">Venerd\u00ec sera&nbsp;(2 settembre), completata la sua masterclass, il sassofonista e compositore inglese sar\u00e0 anche l'atteso protagonista del&nbsp;concerto&nbsp;che lo vedr\u00e0 in duo col pianista norvegese&nbsp;<U><SPAN style=\"COLOR: navy\"><a href=\"http:\/\/www.vigleikstoraas.no\/index_english.html\" target=\"_blank\" rel=\"noopener noreferrer\"><SPAN style=\"COLOR: blue\">Vigleik Stooras<\/SPAN><\/A><\/SPAN><\/U>&nbsp;nel cortile della casa natale di Grazia Deledda, nell'ambito della rassegna che fa da pendant alle lezioni del seminario jazz di Nuoro.<\/SPAN><\/p>\n<p><SPAN style=\"FONT-FAMILY: 'Verdana', 'sans-serif'; BACKGROUND: white; mso-fareast-language: IT\">Rassegna che, nel frattempo, propone&nbsp;<A href=\"javascript:mails_addtocal(2,%22domani%22);\"><SPAN style=\"COLOR: #ff8000; TEXT-DECORATION: none; text-underline: none\">domani<\/SPAN><\/A>&nbsp;(mercoled\u00ec 31)&nbsp;due diversi appuntamenti. Il primo \u00e8&nbsp;alle 19&nbsp;a&nbsp;Bitti: al&nbsp;laboratorio Terra Pintada,&nbsp;<a href=\"http:\/\/www.myspace.com\/rossellafaa\" target=\"_blank\" rel=\"noopener noreferrer\"><SPAN style=\"COLOR: navy\">Rossella Faa<\/SPAN><\/A>&nbsp;presenta il suo nuovo concerto-spettacolo,&nbsp;\u201cSighi, Sighi\u201d, accompagnata da&nbsp;Giacomo Deiana&nbsp;alla chitarra e&nbsp;Nicola Cossu&nbsp;al contrabbasso. La cantante, autrice e compositrice&nbsp;cagliaritana mette qui in musica e canzoni, in lingua sarda, nella variante campidanese e nelle sue molteplici in&#64258;essioni, storie di vita quotidiana in cui una donna si trova ad affrontare e cercare di risolvere problemi pi\u00f9 grandi di lei.<\/SPAN><\/p>\n<p><SPAN style=\"FONT-FAMILY: 'Verdana', 'sans-serif'; BACKGROUND: white; mso-fareast-language: IT\">In serata,&nbsp;alle 21:30, microfoni e riflettori ritornano nel capoluogo, nella consueta cornice del&nbsp;cortile della&nbsp;casa natale di Grazia Deledda, per uno degli eventi pi\u00f9 originali di questa edizione della rassegna: il&nbsp;\u201cNuoro Jazz Sax Meeting\u201d. Dopo il riuscitissimo esperimento dell'anno scorso che riun\u00ec nello stesso organico&nbsp;sei trombettisti&nbsp;che in passato avevano&nbsp;frequentato come allievi corsi nuoresi,&nbsp;l'attenzione si sposta stavolta su un altro strumento simbolo del jazz: il sassofono. Sotto l'insegna del&nbsp;\u201cNuoro Jazz Sax Meeting\u201dsi ritrovano cos\u00ec, per la prima volta, alcuni musicisti legati a vario titolo al seminario:&nbsp;<a href=\"http:\/\/www.myspace.com\/simonepala\" target=\"_blank\" rel=\"noopener noreferrer\"><SPAN style=\"COLOR: navy\">Simone Pala<\/SPAN><\/A>,&nbsp;<a href=\"http:\/\/www.myspace.com\/massimocarboni\" target=\"_blank\" rel=\"noopener noreferrer\"><SPAN style=\"COLOR: navy\">Massimo Carboni<\/SPAN><\/A>,&nbsp;Giuseppe Murgia,&nbsp;<a href=\"http:\/\/www.tinotracanna.com\/2005\/index1024.htm\" target=\"_blank\" rel=\"noopener noreferrer\"><SPAN style=\"COLOR: blue\">Tino Tracanna<\/SPAN><\/A>&nbsp;e&nbsp;<a href=\"http:\/\/www.ruralelectrificationorchestra.com\/wordpress\/?page_id=13\" target=\"_blank\" rel=\"noopener noreferrer\"><SPAN style=\"COLOR: navy\">Francesco Sangiovanni<\/SPAN><\/A>&nbsp;si esibiranno in alcune varianti della formazione imperniata sui \u201ctagli\u201d pi\u00f9 usati del sassofono (soprano, alto, tenore, baritono); dal quartetto al quintetto di soli sax, fino all\u2019ottetto con la aggiunta di una sezione ritmica d'eccezione, composta da tre docenti dei corsi invernali di Nuoro Jazz: il pianista cagliaritano&nbsp;<a href=\"http:\/\/www.myspace.com\/alessandrodiliberto\" target=\"_blank\" rel=\"noopener noreferrer\"><SPAN style=\"COLOR: navy\">Alessandro Di Liberto<\/SPAN><\/A>, il contrabbassista algherese&nbsp;<a href=\"http:\/\/www.myspace.com\/salvatoremaltana\" target=\"_blank\" rel=\"noopener noreferrer\"><SPAN style=\"COLOR: navy\">Salvatore Maltana<\/SPAN><\/A>&nbsp;e il batterista sassarese&nbsp;Luca Piana. Com<\/SPAN><\/p>\n","protected":false},"excerpt":{"rendered":"<p>Giornata densa di impegni,&nbsp;domani&nbsp;(mercoled\u00ec 31) a&nbsp;Nuoro&nbsp;per il ventitreesimo Seminario Jazz, in pieno svolgimento (da mercoled\u00ec scorso e fino a questo sabato) nel capoluogo barbaricino. Alle&#8230;<\/p>\n","protected":false},"author":2,"featured_media":10360,"comment_status":"closed","ping_status":"closed","sticky":false,"template":"","format":"standard","meta":[],"categories":[49],"tags":[],"_links":{"self":[{"href":"https:\/\/www.cronacaonline.it\/index.php\/wp-json\/wp\/v2\/posts\/70380"}],"collection":[{"href":"https:\/\/www.cronacaonline.it\/index.php\/wp-json\/wp\/v2\/posts"}],"about":[{"href":"https:\/\/www.cronacaonline.it\/index.php\/wp-json\/wp\/v2\/types\/post"}],"author":[{"embeddable":true,"href":"https:\/\/www.cronacaonline.it\/index.php\/wp-json\/wp\/v2\/users\/2"}],"replies":[{"embeddable":true,"href":"https:\/\/www.cronacaonline.it\/index.php\/wp-json\/wp\/v2\/comments?post=70380"}],"version-history":[{"count":0,"href":"https:\/\/www.cronacaonline.it\/index.php\/wp-json\/wp\/v2\/posts\/70380\/revisions"}],"wp:featuredmedia":[{"embeddable":true,"href":"https:\/\/www.cronacaonline.it\/index.php\/wp-json\/"}],"wp:attachment":[{"href":"https:\/\/www.cronacaonline.it\/index.php\/wp-json\/wp\/v2\/media?parent=70380"}],"wp:term":[{"taxonomy":"category","embeddable":true,"href":"https:\/\/www.cronacaonline.it\/index.php\/wp-json\/wp\/v2\/categories?post=70380"},{"taxonomy":"post_tag","embeddable":true,"href":"https:\/\/www.cronacaonline.it\/index.php\/wp-json\/wp\/v2\/tags?post=70380"}],"curies":[{"name":"wp","href":"https:\/\/api.w.org\/{rel}","templated":true}]}}