{"id":70374,"date":"2011-08-13T00:00:00","date_gmt":"2011-08-12T22:00:00","guid":{"rendered":"http:\/\/www.cronacaonline.it\/public\/content\/index.php\/2011\/08\/13\/quartetto-darchi-amphion\/"},"modified":"2011-08-13T00:00:00","modified_gmt":"2011-08-12T22:00:00","slug":"quartetto-darchi-amphion","status":"publish","type":"post","link":"https:\/\/www.cronacaonline.it\/index.php\/2011\/08\/13\/quartetto-darchi-amphion\/","title":{"rendered":"Quartetto d\u2019Archi \u201cAmphion\u201d"},"content":{"rendered":"<p><SPAN style=\"FONT-FAMILY: 'Verdana', 'sans-serif'\">Ente Concerti \u201cAlba Pani Passino\u201d Oristano<B><\/B><\/SPAN><\/p>\n<p><SPAN style=\"FONT-FAMILY: 'Verdana', 'sans-serif'; FONT-SIZE: 14pt\">Sulle note di Mozart si apre il concerto del Quartetto Amphion, gioved\u00ec 18 agosto alle 21.30, presso la Chiesa di San Giovanni dei Fiori di Oristano.<\/SPAN><\/p>\n<p><SPAN style=\"FONT-FAMILY: 'Verdana', 'sans-serif'; FONT-SIZE: 14pt\">Nella prima parte del concerto, la formazione, composta dai violinisti Gianmaria Melis, Lucio Filippo Casti, dal violista Salvatore Rea e dal violoncellista Vladimiro Atzeni, proporr\u00e0 il magnifico Quartetto in Si bemolle maggiore K.458 \u201cLa Caccia\u201d di W. A. Mozart, mentre, nella seconda, il notissimo Quartetto n.1 in Fa maggiore op.96 \u201cAmericano\u201d di A. Dvorak.<\/SPAN><\/p>\n<p><SPAN style=\"FONT-FAMILY: 'Verdana', 'sans-serif'; FONT-SIZE: 14pt\">L\u2019evento \u00e8 organizzato dall\u2019Ente Concerti \u201cAlba Pani Passino\u201d, con il patrocinio della Regione Autonoma della Sardegna, della Fondazione Banco di Sardegna, del Ministero per i Beni e le Attivit\u00e0 culturali e della Provincia di Oristano, con la preziosa collaborazione del Gremio dei Contadini di San Giovanni e della Fondazione Sartiglia.<\/SPAN><\/p>\n<p><SPAN style=\"FONT-FAMILY: 'Verdana', 'sans-serif'; FONT-SIZE: 14pt\">Il prezzo del biglietto intero \u00e8 di \u20ac 8,00; quello ridotto costa invece \u20ac 5,00. <\/SPAN><\/p>\n<p><SPAN style=\"FONT-FAMILY: 'Verdana', 'sans-serif'; FONT-SIZE: 14pt\">E' possibile acquistare i biglietti il giorno del concerto presso il botteghino nel sito di San Giovanni dei Fiori dalle ore 19,00. Per ulteriori informazioni<SPAN style=\"mso-spacerun: yes\">&nbsp; <\/SPAN>rivolgersi a: Ente Concerti Alba Pani Passino, piazza Eleonora, 34 \u2013 09170 Oristano 0783.303966, 0783.78886.<\/SPAN><\/p>\n<p><SPAN style=\"FONT-FAMILY: 'Verdana', 'sans-serif'; FONT-SIZE: 14pt\">Del Quartetto Amphion, fanno parte: Gianmaria Mele, Lucio Filippo Casti, Salvatore Rea e Vladimiro Atzeni.<\/SPAN><\/p>\n<p><SPAN style=\"FONT-FAMILY: 'Verdana', 'sans-serif'; FONT-SIZE: 14pt\">Gianmaria Melis, comincia lo studio del violino sotto la guida di Paolo Marascia, proseguendo poi con George Monche, Igor Volochine, Felice Cusano e Sergey Krylov. Diplomatosi con il massimo dei voti al Conservatorio Statale di Musica \u201cGiovanni Pierluigi da Palestrina\u201d di Cagliari, vince il secondo premio alla rassegna nazionale violinisti del \u201cPremio Citt\u00e0 di Vittorio Veneto\u201d. Ha seguito masterclass con Franco Mezzena, Nicolas Chumachenco, Thomas Brandis. Successivamente entra a far parte dei corsi per professori d\u2019orchestra dell\u2019Orchestra Giovanile Italiana, della quale sar\u00e0 primo violino di spalla per due anni.<\/SPAN><\/p>\n<p><SPAN style=\"FONT-FAMILY: 'Verdana', 'sans-serif'; FONT-SIZE: 14pt\">Ha collaborato con varie orchestre: Sinfonica Nazionale della RAI di Torino, I Pomeriggi Musicali di Milano, Filarmonica Toscanini di Parma, Teatro Carlo Felice di Genova (primo violino dei secondi, concertino dei primi violini), Galilei di Firenze (primo violino di spalla, per i corsi di direzione d\u2019orchestra di Carlo Maria Giulini), Sinfonica Haydn di Bolzano e Trento, Orchestra Sinfonica Siciliana (primo violino dei secondi). Ha lavorato con numerosi direttori fra cui: Carlo Maria Giulini, Yuri Ahronovich, Lorin Maazel, Frans Br\u00fcggen, Ton Koopman, Christhopher Hogwood, Ormsby Wilkins, Gabriele Ferro, Daniele Gatti, Maurizio Benini,Marko Letonja. Vincitore di tre concorsi internazionali, come primo idoneo per violino di fila, alle fondazioni: Arturo Toscanini di Parma, Teatro Lirico di Cagliari, Haydn di Bolzano e Trento. Per la musica da camera il quartetto si \u00e8 perfezionato con Piero Farulli, Andrea Nannoni, Tiziano Mealli, Manuel Zigante e Boris Baraz. Nell\u2019anno 2008, 2009 e <st1:metricconverter w:st=\"on\" ProductID=\"2010 ha\">2010 ha<\/st1:metricconverter> vinto le audizioni per il ruolo di Concertino dei violini primi presso il Teatro Lirico di Cagliari. Attualmente ricopre il ruolo di Primo Violino di Spalla presso il Teatro Lirico di Cagliari dopo essere risultato idoneo alle ultime due audizioni. \u00c8 primo violino del quartetto d\u2019archi (Amphion) con il quale svolge un\u2019intensa attivit\u00e0 concertistica. Suona un violino \u201cSilvio Vezio Paoletti\u201d del 1929 e un violino \u201cPio Montanari\u201d del 2008.<\/SPAN><\/p>\n<p><SPAN style=\"FONT-FAMILY: 'Verdana', 'sans-serif'; FONT-SIZE: 14pt\">Lucio Filippo Casti, si diploma presso il Conservatorio di musica di Cagliari sotto la guida del M. Antonello Sanna, frequenta masterclasses di Felix Ayo, Alessandro Moccia, Silvio Bresso ed Ilya Grubert. Per la formazione orchestrale ha frequentato la Scuola di musica di Fiesole (Orchestra Giovanile Italiana) e la Jeune Orchestre Atlantique con G.P.Herreweghe. Ha collaborato con varie realta` cameristiche regionali tra cui l'Orchestra Regionale Sarda, dal 1999 ad oggi collabora in qualita` di violino di fila con l'Orchestra da camera di Mantova e l'Orchestra della Fondazione del Teatro Lirico di Cagliari.<\/SPAN><\/p>\n<p><SPAN style=\"FONT-FAMILY: 'Verdana', 'sans-serif'; FONT-SIZE: 14pt\">Salvatore Rea, nasce a Napoli. Si diploma brillantemente in viola sotto la guida di Carlo Pozzi. Negli anni 1989-92 segue il corso di qualificazione per professori d'orchestra dell' Orchestra Giovanile Italiana, partecipando in qualit\u00e0 di prima viola. Per la musica da camera si forma seguendo i corsi del Trio di Trieste e Milan Skampa (violista del quartetto Smetana). Dopo aver conseguito l'idoneit\u00e0 alle audizioni, ha collaborato con l\u2019 Orchestra Sinfonica della RAI di Roma in qualit\u00e0 di viola di fila, l'Orchestra Verdi di Milano, l'orchestra dei giovani del mediterraneo, l'Orchestra Internazionale d'Italia, in qualit\u00e0 di prima viola. Attualmente collabora (anche in qualit\u00e0 di prima e seconda viola) con il Teatro Lirico di Cagliari dove \u00e8 risultato vincitore di concorso nel 1997 per il posto di viola di fila. Recentemente ha seguito il corso di musica antica tenuto da Aget Sweistra violoncellista barocca di chiara fama. Suona regolarmente in varie formazioni cameristiche con le quali ha all'attivo numerosi concerti.<\/SPAN><\/p>\n<p><SPAN style=\"FONT-FAMILY: 'Verdana', 'sans-serif'; FONT-SIZE: 14pt\">Vladimiro Atzeni, ha conseguito il diploma di violoncello presso il Conservatorio di musica \u201cG.P. Da Palestrina\u201d di Cagliari nel 1993, sotto la guida dei Maestri Salvatore e Nicoletta Pintor. Gi\u00e0 prima del diploma ha partecipato alla stagione lirico-sinfonica del Teatro \u201cMarialisa De Carolis\u201d di Sassari e del Teatro lirico di Cagliari. Dal 1994 , dopo aver superato l\u2019audizione in qualit\u00e0 di violoncello di fila, per alcuni anni di seguito ha suonato anche, come secondo violoncello, nell\u2019Orchestra del Teatro lirico di Cagliari. Nel frattempo ha partecipato a vari corsi di perfezionamento con i maestri M. Flaksman, T. Campagnaro, M. Drobinsky, B. Giuranna, R. Aldulescu. A Cagliari si perfeziona attualmente sotto la guida di A. Pettinau.<\/SPAN><\/p>\n<p><SPAN style=\"FONT-FAMILY: 'Verdana', 'sans-serif'; FONT-SIZE: 14pt\">Ha lavorato con diversi direttori d\u2019orchestra fra cui P.Maag, Lorin Maazel, C. M. Giulini, M. Rostropovich, F. Br\u00fcggen, T. Koopman, e tanti altri. Dal 1998 suona stabilmente nell\u2019Orchestra del Teatro lirico di Cagliari in qualit\u00e0 di violoncello di fila, dove ricopre anche il ruolo di secondo violoncello. Infine attualmente collabora con diverse formazioni cameristiche con le quali svolge intensa attivit\u00e0 concertistica. com<\/SPAN><\/p>\n<p><SPAN style=\"FONT-FAMILY: 'Verdana', 'sans-serif'; FONT-SIZE: 14pt\"><\/SPAN>&nbsp;<\/p>\n<p><SPAN style=\"FONT-FAMILY: 'Verdana', 'sans-serif'; FONT-SIZE: 14pt\"><\/SPAN>&nbsp;<\/p>\n","protected":false},"excerpt":{"rendered":"<p>Ente Concerti \u201cAlba Pani Passino\u201d Oristano Sulle note di Mozart si apre il concerto del Quartetto Amphion, gioved\u00ec 18 agosto alle 21.30, presso la Chiesa&#8230;<\/p>\n","protected":false},"author":2,"featured_media":10453,"comment_status":"closed","ping_status":"closed","sticky":false,"template":"","format":"standard","meta":[],"categories":[49],"tags":[],"_links":{"self":[{"href":"https:\/\/www.cronacaonline.it\/index.php\/wp-json\/wp\/v2\/posts\/70374"}],"collection":[{"href":"https:\/\/www.cronacaonline.it\/index.php\/wp-json\/wp\/v2\/posts"}],"about":[{"href":"https:\/\/www.cronacaonline.it\/index.php\/wp-json\/wp\/v2\/types\/post"}],"author":[{"embeddable":true,"href":"https:\/\/www.cronacaonline.it\/index.php\/wp-json\/wp\/v2\/users\/2"}],"replies":[{"embeddable":true,"href":"https:\/\/www.cronacaonline.it\/index.php\/wp-json\/wp\/v2\/comments?post=70374"}],"version-history":[{"count":0,"href":"https:\/\/www.cronacaonline.it\/index.php\/wp-json\/wp\/v2\/posts\/70374\/revisions"}],"wp:featuredmedia":[{"embeddable":true,"href":"https:\/\/www.cronacaonline.it\/index.php\/wp-json\/"}],"wp:attachment":[{"href":"https:\/\/www.cronacaonline.it\/index.php\/wp-json\/wp\/v2\/media?parent=70374"}],"wp:term":[{"taxonomy":"category","embeddable":true,"href":"https:\/\/www.cronacaonline.it\/index.php\/wp-json\/wp\/v2\/categories?post=70374"},{"taxonomy":"post_tag","embeddable":true,"href":"https:\/\/www.cronacaonline.it\/index.php\/wp-json\/wp\/v2\/tags?post=70374"}],"curies":[{"name":"wp","href":"https:\/\/api.w.org\/{rel}","templated":true}]}}