{"id":70319,"date":"2011-08-13T00:00:00","date_gmt":"2011-08-12T22:00:00","guid":{"rendered":"http:\/\/www.cronacaonline.it\/public\/content\/index.php\/2011\/08\/13\/oristano-vertenza-aras-approvato-ordine-del-giorno-in-consiglio-provinciale\/"},"modified":"2011-08-13T00:00:00","modified_gmt":"2011-08-12T22:00:00","slug":"oristano-vertenza-aras-approvato-ordine-del-giorno-in-consiglio-provinciale","status":"publish","type":"post","link":"https:\/\/www.cronacaonline.it\/index.php\/2011\/08\/13\/oristano-vertenza-aras-approvato-ordine-del-giorno-in-consiglio-provinciale\/","title":{"rendered":"Oristano vertenza Aras  approvato ordine del giorno in Consiglio provinciale"},"content":{"rendered":"<p>Nella seduta del 10 Agosto scorso, del Consiglio provinciale di Oristanoi, \u00e8 stato approvato all'unanimit\u00e0 l'Ordine del Giorno<SPAN style=\"mso-spacerun: yes\">&nbsp; <\/SPAN>sulla vertenza dei lavoratori ARAS, presentato dal gruppo provinciale del PD, a firma di Battista Ghisu, Mario Tendas, Roberto Scema, Francesco Federico e Gian Gavino Buttu. \u00c8<SPAN style=\"mso-spacerun: yes\">&nbsp; <\/SPAN>stato espresso pieno sostegno alle richieste legittime dei lavoratori dell\u2019ente, ed \u00e8 stato chiesto che venga data piena attuazione alla Legge Regionale n. 3, del 7 Agosto 2009, che contempla nelle \u201cDisposizioni urgenti nei settori economico e sociale\u201d l\u2019autorizzazione all'Agenzia laore Sardegna \u201ca inquadrare, attraverso prove selettive concorsuali per soli titoli, il personale dipendente dell'Associazione Regionale Allevatori in servizio alla data del 31 dicembre 2006, che abbia prestato la propria attivit\u00e0 lavorativa nei servizi di assistenza tecnica a favore degli allevatori della Sardegna, ivi compresa l'attivit\u00e0 di laboratorio e di amministrazione, finanziati con risorse regionali o statali, per almeno tre anni\u201d.<\/p>\n<p>Il Consiglio ha chiesto che tale stabilizzazione avvengano senza ulteriori ritardi, anche a salvaguardia del fondamentale servizio offerto dalle professionalit\u00e0 presenti nell\u2019ARAS, vero e proprio punto di riferimento per il sistema produttivo lattiero caseario regionale e ha dato mandato al Presidente della Provincia, all'Assessore alle Attivit\u00e0 Produttive e all'Assessore al Lavoro, affinch\u00e9<SPAN style=\"mso-spacerun: yes\">&nbsp; <\/SPAN>intervengano nei confronti della Giunta Regionale perch\u00e9 siano attuate le norme di stabilizzazione e inserimento dei lavoratori ARAS nei ruoli dell\u2019Agenzia Laore.<\/p>\n<p>L\u2019Associazione Regionale Allevatori della Sardegna, svolge in tutto il territorio dell'Isola attivit\u00e0 di assistenza tecnica di campo e attivit\u00e0 di laboratorio analisi del latte e ha<SPAN style=\"mso-spacerun: yes\">&nbsp; <\/SPAN>come principale finalit\u00e0, quella del miglioramento dei parametri del latte ovicaprino e bovino, il miglioramento delle sue caratteristiche organolettiche e quelle igienico sanitarie, perseguiti, in circa un trentennio di attivit\u00e0 a favore della zootecnia isolana, con azioni di consulenza, divulgazione ed assistenza, indirizzate all'attuazione di corrette e moderne pratiche agronomiche e di management, alla realizzazione di adeguati piani alimentari e alla messa in atto di misure di igiene aziendale finalizzate alla profilassi e terapia delle principali patologie del<SPAN style=\"mso-spacerun: yes\">&nbsp; <\/SPAN>bestiame. La<SPAN style=\"mso-spacerun: yes\">&nbsp; <\/SPAN>dotazione organica dell'Aras, \u00e8 di<SPAN style=\"mso-spacerun: yes\">&nbsp; <\/SPAN>291<SPAN style=\"mso-spacerun: yes\">&nbsp; <\/SPAN>dipendenti tra tecnici veterinari e zootecnici operativi \u201cin campo\u201d, con mansioni di coordinamento, dipendenti nelle sede centrale di Cagliari per l'amministrazione e l'elaborazione dati,<SPAN style=\"mso-spacerun: yes\">&nbsp; <\/SPAN>e 65 dipendenti, <SPAN style=\"mso-fareast-font-family: 'Lucida Sans Unicode'\">presso il Laboratorio Analisi di Oristano<\/SPAN>. <\/p>\n<p>Il laboratorio analisi dell'ARAS, si trova a Nuraxinieddu ed \u00e8 accreditato dal 1997, nella campagna 2009\/2010, ha analizzato decine di migliaia di campioni legati principalmente al piano qualit\u00e0 del latte bufalino, caprino, ovino e vaccino e svolto migliaia di controlli funzionali delle suddette specie animali, mentre i restanti campioni, riguardano principalmente collaborazioni con le Universit\u00e0. Al Piano qualit\u00e0 latte, inoltre, hanno aderito la quasi totalit\u00e0 dei circa<SPAN style=\"mso-spacerun: yes\">&nbsp; <\/SPAN>100<SPAN style=\"mso-spacerun: yes\">&nbsp; <\/SPAN>stabilimenti tra caseifici privati, cooperativi e mini-caseifici, che trasformano il latte della Sardegna. Il monitoraggio, ha riguardato circa 13.000 aziende zootecniche. Red<\/p>\n","protected":false},"excerpt":{"rendered":"<p>Nella seduta del 10 Agosto scorso, del Consiglio provinciale di Oristanoi, \u00e8 stato approvato all&#8217;unanimit\u00e0 l&#8217;Ordine del Giorno&nbsp; sulla vertenza dei lavoratori ARAS, presentato dal&#8230;<\/p>\n","protected":false},"author":2,"featured_media":0,"comment_status":"closed","ping_status":"closed","sticky":false,"template":"","format":"standard","meta":[],"categories":[49],"tags":[],"_links":{"self":[{"href":"https:\/\/www.cronacaonline.it\/index.php\/wp-json\/wp\/v2\/posts\/70319"}],"collection":[{"href":"https:\/\/www.cronacaonline.it\/index.php\/wp-json\/wp\/v2\/posts"}],"about":[{"href":"https:\/\/www.cronacaonline.it\/index.php\/wp-json\/wp\/v2\/types\/post"}],"author":[{"embeddable":true,"href":"https:\/\/www.cronacaonline.it\/index.php\/wp-json\/wp\/v2\/users\/2"}],"replies":[{"embeddable":true,"href":"https:\/\/www.cronacaonline.it\/index.php\/wp-json\/wp\/v2\/comments?post=70319"}],"version-history":[{"count":0,"href":"https:\/\/www.cronacaonline.it\/index.php\/wp-json\/wp\/v2\/posts\/70319\/revisions"}],"wp:attachment":[{"href":"https:\/\/www.cronacaonline.it\/index.php\/wp-json\/wp\/v2\/media?parent=70319"}],"wp:term":[{"taxonomy":"category","embeddable":true,"href":"https:\/\/www.cronacaonline.it\/index.php\/wp-json\/wp\/v2\/categories?post=70319"},{"taxonomy":"post_tag","embeddable":true,"href":"https:\/\/www.cronacaonline.it\/index.php\/wp-json\/wp\/v2\/tags?post=70319"}],"curies":[{"name":"wp","href":"https:\/\/api.w.org\/{rel}","templated":true}]}}