{"id":70299,"date":"2011-08-11T00:00:00","date_gmt":"2011-08-10T22:00:00","guid":{"rendered":"http:\/\/www.cronacaonline.it\/public\/content\/index.php\/2011\/08\/11\/arrestato-dalla-polizia-di-stato-cagliaritano-per-rapina-impropria\/"},"modified":"2011-08-11T00:00:00","modified_gmt":"2011-08-10T22:00:00","slug":"arrestato-dalla-polizia-di-stato-cagliaritano-per-rapina-impropria","status":"publish","type":"post","link":"https:\/\/www.cronacaonline.it\/index.php\/2011\/08\/11\/arrestato-dalla-polizia-di-stato-cagliaritano-per-rapina-impropria\/","title":{"rendered":"Arrestato dalla Polizia di Stato cagliaritano per rapina impropria."},"content":{"rendered":"<p><FONT face=\"\">Il personale della Polizia di Stato ha arrestato ieri mattina Stefano Cardu, di 44 anni, del capoluogo con l\u2019accusa di rapina impropria.<\/FONT><\/p>\n<p><FONT face=\"\">Il pluripregiudicato \u00e8 stato rintracciato dopo aver compiuto una furto in un negozio di profumi, dove vistosi scoperto, ha spinto una commessa facendola cadere a terra e poi \u00e8 fuggito. <\/FONT><\/p>\n<p><FONT face=\"\">Sul posto subito dopo l\u2019allarme lanciato tramite il 113, \u00e8 sono giunti gli agenti della Squadra Volanti della Questura di Cagliari che dopo aver raccolto la descrizione del ladro hanno avviato le ricerche ed hanno poi individuato il ricercato in una tristemente nota via della citt\u00e0. Quindi lo hanno bloccato e durante la perquisizione personale \u00e8 stato trovato in possesso della merce rubata poco prima nella profumeria.<\/FONT><\/p>\n<p><FONT face=\"\">A questo punto \u00e8 stato portato negli uffici della Questura dove, dopo le formalit\u00e0 di legge \u00e8 stato trattenuto, su ordine del Pm di Turno nelle camere di sicurezza in attesa dell\u2019udienza di convalida.<\/FONT><\/p>\n","protected":false},"excerpt":{"rendered":"<p>Il personale della Polizia di Stato ha arrestato ieri mattina Stefano Cardu, di 44 anni, del capoluogo con l\u2019accusa di rapina impropria. Il pluripregiudicato \u00e8&#8230;<\/p>\n","protected":false},"author":2,"featured_media":0,"comment_status":"closed","ping_status":"closed","sticky":false,"template":"","format":"standard","meta":[],"categories":[49],"tags":[],"_links":{"self":[{"href":"https:\/\/www.cronacaonline.it\/index.php\/wp-json\/wp\/v2\/posts\/70299"}],"collection":[{"href":"https:\/\/www.cronacaonline.it\/index.php\/wp-json\/wp\/v2\/posts"}],"about":[{"href":"https:\/\/www.cronacaonline.it\/index.php\/wp-json\/wp\/v2\/types\/post"}],"author":[{"embeddable":true,"href":"https:\/\/www.cronacaonline.it\/index.php\/wp-json\/wp\/v2\/users\/2"}],"replies":[{"embeddable":true,"href":"https:\/\/www.cronacaonline.it\/index.php\/wp-json\/wp\/v2\/comments?post=70299"}],"version-history":[{"count":0,"href":"https:\/\/www.cronacaonline.it\/index.php\/wp-json\/wp\/v2\/posts\/70299\/revisions"}],"wp:attachment":[{"href":"https:\/\/www.cronacaonline.it\/index.php\/wp-json\/wp\/v2\/media?parent=70299"}],"wp:term":[{"taxonomy":"category","embeddable":true,"href":"https:\/\/www.cronacaonline.it\/index.php\/wp-json\/wp\/v2\/categories?post=70299"},{"taxonomy":"post_tag","embeddable":true,"href":"https:\/\/www.cronacaonline.it\/index.php\/wp-json\/wp\/v2\/tags?post=70299"}],"curies":[{"name":"wp","href":"https:\/\/api.w.org\/{rel}","templated":true}]}}