{"id":70276,"date":"2011-08-29T00:00:00","date_gmt":"2011-08-28T22:00:00","guid":{"rendered":"http:\/\/www.cronacaonline.it\/public\/content\/index.php\/2011\/08\/29\/nessun-aumento-delliva-intervento-sulle-pensioni\/"},"modified":"2011-08-29T00:00:00","modified_gmt":"2011-08-28T22:00:00","slug":"nessun-aumento-delliva-intervento-sulle-pensioni","status":"publish","type":"post","link":"https:\/\/www.cronacaonline.it\/index.php\/2011\/08\/29\/nessun-aumento-delliva-intervento-sulle-pensioni\/","title":{"rendered":"Nessun aumento dell&#8217;Iva, intervento sulle pensioni"},"content":{"rendered":"<p><SPAN class=MsoSubtleEmphasis><SPAN style=\"FONT-STYLE: normal; mso-bidi-font-style: italic\"><FONT color=#808080><FONT face=\"\">Intesa Pdl-Lega per cambiare la manovra: l'anzianit\u00e0 sar\u00e0 calcolata solo sugli anni effettivi di lavoro. L'Iva non aumenta, meno tagli agli enti locali, ridotte le agevolazioni alle coop. Ddl costituzionale per dimezzare i parlamentari e abolire tutte le province.<\/FONT><\/FONT><\/SPAN><\/SPAN><\/p>\n<p><SPAN class=MsoSubtleEmphasis><SPAN style=\"FONT-STYLE: normal; mso-bidi-font-style: italic\"><FONT color=#808080><FONT face=\"\">E' quanto&nbsp;\u00e8 stato deciso dal vertice di maggioranza ad Arcore.<\/FONT><\/FONT><\/SPAN><\/SPAN><\/p>\n<p><SPAN class=MsoSubtleEmphasis><SPAN style=\"FONT-STYLE: normal; mso-bidi-font-style: italic\"><FONT color=#808080><FONT face=\"\">Il comunicato finale del vertice di Arcore<BR>La riunione di maggioranza presieduta dal Presidente Silvio Berlusconi si \u00e8 conclusa con le seguenti unanimi determinazioni: Interventi di natura costituzionale; dimezzamento del numero dei parlamentari; soppressione delle province quali enti statali e conferimento alle regioni delle relative competenze ordinamentali. <\/FONT><\/FONT><\/SPAN><\/SPAN><\/p>\n<p><SPAN class=MsoSubtleEmphasis><SPAN style=\"FONT-STYLE: normal; mso-bidi-font-style: italic\"><FONT color=#808080><FONT face=\"\">Il decreto dovr\u00e0 essere approvato nei tempi previsti e a saldi invariati con le seguenti principali modifiche: sostituzione dell'articolo della manovra relativo ai piccoli comuni con un nuovo testo che preveda l'obbligo dello svolgimento in forma di unione di tutte le funzioni fondamentali a partire dall'anno 2013 nonch\u00e9 il mantenimento dei consigli comunali con riduzione dei loro componenti senza indennit\u00e0 o gettone alcuno per i loro membri; riduzione dell'impatto della manovra per comuni, province, regioni e regioni a statuto speciale. Attribuzione agli enti territoriali di maggiori poteri e responsabilit\u00e0 nel contrasto all'evasione fiscale con vincolo di destinazione agli stessi del ricavato delle conseguenti maggiori entrate; sostituzione del contributo di solidariet\u00e0 con nuove misure fiscali finalizzate a eliminare l'abuso di intestazioni e interposizioni patrimoniali elusive nonch\u00e9 riduzione delle misure di vantaggio fiscale alle societ\u00e0 cooperative; contributo di solidariet\u00e0 a carico dei membri del parlamento; mantenimento dell'attuale regime previdenziale gi\u00e0 previsto per coloro che abbiano maturato quarant'anni di contributi con esclusione dei periodi relativi al percorso di laurea e al servizio militare che rimangono comunque utili ai fini del calcolo della pensione.<BR>Il governo e il relatore presenteranno le relative proposte emendative, aperti al confronto con l'opposizione nelle sedi parlamentari.<\/FONT><\/FONT><\/SPAN><\/SPAN><\/p>\n<p><SPAN class=MsoSubtleEmphasis><SPAN style=\"FONT-STYLE: normal; mso-bidi-font-style: italic\"><FONT color=#808080><FONT face=\"\">Il vertice&nbsp;\u00e8 iniziato alle 11 di mattina con Silvio Berlusconi che ha abbozzato un sorriso accogliendo i suoi ospiti: ho messo da parte le bottiglie di champagne, festeggeremo cos\u00ec l'accordo. Alla fine dell'incontro-fiume (oltre a Berlusconi, presenti Alfano, Tremonti, Bossi, Maroni, Calderoli, Cicchitto, Gasparri, Moffa e il presidente della commissione Bilancio del Senato Azzollini) nessuno ha bevuto un goccio, ma l'intesa sulle modifiche da apportare alla manovra - assicurano i partecipanti -&nbsp;\u00e8 stata trovata.<\/FONT><\/FONT><\/SPAN><\/SPAN><\/p>\n<p><SPAN class=MsoSubtleEmphasis><SPAN style=\"FONT-STYLE: normal; mso-bidi-font-style: italic\"><FONT color=#808080><FONT face=\"\">\"E' andata molto bene\", dice ora Giulio Tremonti che inizialmente - riferisce uno dei presenti all'incontro ad Arcore - aveva ribadito la sua posizione: non si deve cambiare nulla, non voglio certo andare contro la maggioranza ma tutelare il Paese e il governo, ha esordito il responsabile di via&nbsp;XX Settembre. Poi il confronto con il premier che - spiega un'altra fonte - ha sottolineato subito la necessit\u00e0 di eliminare qualsiasi segnale 'depressivo' dalla manovra.<\/FONT><\/FONT><\/SPAN><\/SPAN><\/p>\n<p><SPAN class=MsoSubtleEmphasis><SPAN style=\"FONT-STYLE: normal; mso-bidi-font-style: italic\"><FONT color=#808080><FONT face=\"\">Non possiamo colpire le famiglie, un governo di centrodestra non metter\u00e0 mai le mani nelle tasche degli italiani altrimenti prepariamoci a perdere le elezioni, il ragionamento del Cavaliere. Discussione serrata sull'Iva e sul contributo di solidariet\u00e0, con la decisione presa di eliminare entrambe le misure. Per dimezzare i tagli agli enti locali si interverr\u00e0 sulle pensioni, ci sar\u00e0 la 'Robin tax', una stretta alle societ\u00e0 di comodo e l'eliminazione delle agevolazioni fiscali delle cooperative.<\/FONT><\/FONT><\/SPAN><\/SPAN><\/p>\n<p><SPAN class=MsoSubtleEmphasis><SPAN style=\"FONT-STYLE: normal; mso-bidi-font-style: italic\"><FONT color=#808080><FONT face=\"\">Il presidente del Consiglio alla fine, racconta chi era presente all'incontro, si&nbsp;\u00e8 mostrato soddisfatto: un grande risultato, ora avanti con la delega fiscale e la riforma dell'architettura dello Stato, ha spiegato, andremo avanti fino al 2013.<\/FONT><\/FONT><\/SPAN><\/SPAN><\/p>\n","protected":false},"excerpt":{"rendered":"<p>Intesa Pdl-Lega per cambiare la manovra: l&#8217;anzianit\u00e0 sar\u00e0 calcolata solo sugli anni effettivi di lavoro. L&#8217;Iva non aumenta, meno tagli agli enti locali, ridotte le&#8230;<\/p>\n","protected":false},"author":2,"featured_media":0,"comment_status":"closed","ping_status":"closed","sticky":false,"template":"","format":"standard","meta":[],"categories":[49],"tags":[],"_links":{"self":[{"href":"https:\/\/www.cronacaonline.it\/index.php\/wp-json\/wp\/v2\/posts\/70276"}],"collection":[{"href":"https:\/\/www.cronacaonline.it\/index.php\/wp-json\/wp\/v2\/posts"}],"about":[{"href":"https:\/\/www.cronacaonline.it\/index.php\/wp-json\/wp\/v2\/types\/post"}],"author":[{"embeddable":true,"href":"https:\/\/www.cronacaonline.it\/index.php\/wp-json\/wp\/v2\/users\/2"}],"replies":[{"embeddable":true,"href":"https:\/\/www.cronacaonline.it\/index.php\/wp-json\/wp\/v2\/comments?post=70276"}],"version-history":[{"count":0,"href":"https:\/\/www.cronacaonline.it\/index.php\/wp-json\/wp\/v2\/posts\/70276\/revisions"}],"wp:attachment":[{"href":"https:\/\/www.cronacaonline.it\/index.php\/wp-json\/wp\/v2\/media?parent=70276"}],"wp:term":[{"taxonomy":"category","embeddable":true,"href":"https:\/\/www.cronacaonline.it\/index.php\/wp-json\/wp\/v2\/categories?post=70276"},{"taxonomy":"post_tag","embeddable":true,"href":"https:\/\/www.cronacaonline.it\/index.php\/wp-json\/wp\/v2\/tags?post=70276"}],"curies":[{"name":"wp","href":"https:\/\/api.w.org\/{rel}","templated":true}]}}