{"id":70241,"date":"2011-08-10T00:00:00","date_gmt":"2011-08-09T22:00:00","guid":{"rendered":"http:\/\/www.cronacaonline.it\/public\/content\/index.php\/2011\/08\/10\/nuove-limitazioni-al-traffico-ed-alla-sosta-saranno-attuate-dalla-prossima-settimana-durante-le-riprese-cinematografiche-del-film-bellas-mariposas\/"},"modified":"2011-08-10T00:00:00","modified_gmt":"2011-08-09T22:00:00","slug":"nuove-limitazioni-al-traffico-ed-alla-sosta-saranno-attuate-dalla-prossima-settimana-durante-le-riprese-cinematografiche-del-film-bellas-mariposas","status":"publish","type":"post","link":"https:\/\/www.cronacaonline.it\/index.php\/2011\/08\/10\/nuove-limitazioni-al-traffico-ed-alla-sosta-saranno-attuate-dalla-prossima-settimana-durante-le-riprese-cinematografiche-del-film-bellas-mariposas\/","title":{"rendered":"Nuove limitazioni al traffico ed alla sosta saranno attuate dalla prossima settimana durante le riprese cinematografiche del film \u201cBellas mariposas\u201d."},"content":{"rendered":"<p><FONT face=\"\">Nuove limitazioni al traffico ed alla sosta saranno attuate dalla prossima settimana durante le riprese cinematografiche del film \u201cBellas mariposas\u201d. In dettaglio, l\u2019ordinanza firmata dal dirigente dei Servizi urbanizzazioni e mobilit\u00e0, Sergio Murgia, dispone: per <B style=\"mso-bidi-font-weight: normal\">gioved\u00ec 18 agosto<\/B> l\u2019istituzione del divieto di sosta con rimozione dalle ore 7 alle <st1:metricconverter w:st=\"on\" ProductID=\"16 in\">16 in<\/st1:metricconverter> piazza Repubblica, tra via Tuveri e via Dante (compreso il parcheggio antistante la farmacia) dove per pochi minuti sar\u00e0 vietato anche il transito, ed in via Pessina, nel tratto antistante il bar Matta. Dalle 6 alle 18 la sosta sar\u00e0 inoltre vietata nel piazzale Bonaria, tra via Ravenna e la strada di accesso al convento, dove sar\u00e0 temporaneamente vietato anche il transito. Nella stessa fascia oraria (6 - 18) il divieto di sosta con rimozione e il temporaneo divieto di transito saranno istituiti anche nel parcheggio lato Bonaria - via Ravenna ed in piazza Matteotti, nel tratto compreso tra via S. Agostino e via Sassari.<\/FONT><\/p>\n<p><FONT face=\"\"><B style=\"mso-bidi-font-weight: normal\">Venerd\u00ec 19 agosto<\/B> il divieto di sosta con rimozione ed il divieto di transito temporaneo saranno in vigore dalle ore 7 alle 18 nello stesso tratto di piazza Matteotti; dalle 17 alle <st1:metricconverter w:st=\"on\" ProductID=\"20 in\">20 in<\/st1:metricconverter> via Magellano e nella strada di collegamento con lo stadio Sant\u2019Elia (sottopasso).<\/FONT><\/p>\n<p><FONT face=\"\"><B style=\"mso-bidi-font-weight: normal\">Sabato 20 agosto<\/B>, dalle ore 6 alle 13, saranno vietati la sosta e, per alcuni minuti, anche il transito in piazza Yenne, tra il numero civico 42 e <st1:PersonName w:st=\"on\" ProductID=\"la via S. Margherita.\"><st1:PersonName w:st=\"on\" ProductID=\"la via S.\">la via S.<\/st1:PersonName> Margherita.<\/st1:PersonName><\/FONT><\/p>\n<p><FONT face=\"\"><B style=\"mso-bidi-font-weight: normal\">Luned\u00ec 22 agosto <\/B>il divieto di sosta con rimozione ed il divieto di transito temporaneo saranno in vigore dalle ore 16 alle 20 nel bastione di Santa Croce, tra la chiesa e <st1:PersonName w:st=\"on\" ProductID=\"la piazza Santa Croce\"><st1:PersonName w:st=\"on\" ProductID=\"la piazza Santa\">la piazza Santa<\/st1:PersonName> Croce<\/st1:PersonName>; dalle 15 alle 20 la sosta sar\u00e0 vietata anche in via Cammino Nuovo (tra via Universit\u00e0 e le scalette di Santa Chiara). Red<\/FONT><\/p>\n<p><FONT face=\"\">&nbsp;<\/FONT><\/p>\n","protected":false},"excerpt":{"rendered":"<p>Nuove limitazioni al traffico ed alla sosta saranno attuate dalla prossima settimana durante le riprese cinematografiche del film \u201cBellas mariposas\u201d. In dettaglio, l\u2019ordinanza firmata dal&#8230;<\/p>\n","protected":false},"author":2,"featured_media":0,"comment_status":"closed","ping_status":"closed","sticky":false,"template":"","format":"standard","meta":[],"categories":[49],"tags":[],"_links":{"self":[{"href":"https:\/\/www.cronacaonline.it\/index.php\/wp-json\/wp\/v2\/posts\/70241"}],"collection":[{"href":"https:\/\/www.cronacaonline.it\/index.php\/wp-json\/wp\/v2\/posts"}],"about":[{"href":"https:\/\/www.cronacaonline.it\/index.php\/wp-json\/wp\/v2\/types\/post"}],"author":[{"embeddable":true,"href":"https:\/\/www.cronacaonline.it\/index.php\/wp-json\/wp\/v2\/users\/2"}],"replies":[{"embeddable":true,"href":"https:\/\/www.cronacaonline.it\/index.php\/wp-json\/wp\/v2\/comments?post=70241"}],"version-history":[{"count":0,"href":"https:\/\/www.cronacaonline.it\/index.php\/wp-json\/wp\/v2\/posts\/70241\/revisions"}],"wp:attachment":[{"href":"https:\/\/www.cronacaonline.it\/index.php\/wp-json\/wp\/v2\/media?parent=70241"}],"wp:term":[{"taxonomy":"category","embeddable":true,"href":"https:\/\/www.cronacaonline.it\/index.php\/wp-json\/wp\/v2\/categories?post=70241"},{"taxonomy":"post_tag","embeddable":true,"href":"https:\/\/www.cronacaonline.it\/index.php\/wp-json\/wp\/v2\/tags?post=70241"}],"curies":[{"name":"wp","href":"https:\/\/api.w.org\/{rel}","templated":true}]}}