{"id":70208,"date":"2011-08-28T00:00:00","date_gmt":"2011-08-27T22:00:00","guid":{"rendered":"http:\/\/www.cronacaonline.it\/public\/content\/index.php\/2011\/08\/28\/v-festival-delle-arti-del-gerrei-bisu-de-una-noti-de-mesu-estadi-2011incontra-il-regista-peter-marcias\/"},"modified":"2011-08-28T00:00:00","modified_gmt":"2011-08-27T22:00:00","slug":"v-festival-delle-arti-del-gerrei-bisu-de-una-noti-de-mesu-estadi-2011incontra-il-regista-peter-marcias","status":"publish","type":"post","link":"https:\/\/www.cronacaonline.it\/index.php\/2011\/08\/28\/v-festival-delle-arti-del-gerrei-bisu-de-una-noti-de-mesu-estadi-2011incontra-il-regista-peter-marcias\/","title":{"rendered":"V Festival delle arti del Gerrei \u201cBisu de una noti de mesu estadi 2011\u201d.Incontra il regista Peter Marcias"},"content":{"rendered":"<p><SPAN style=\"FONT-FAMILY: 'Verdana', 'sans-serif'\">Prosegue con un altro incontro culturale la <B style=\"mso-bidi-font-weight: normal\"><I style=\"mso-bidi-font-style: normal\">V Edizione del Festival delle arti del Gerrei \u201cBisu de una noti de mesu estadi 2011. <\/I><\/B>La manifestazione organizzata dalla Cooperativa L'aquilone di Viviana, riprende a <B style=\"mso-bidi-font-weight: normal\">Sant\u2019Andrea Frius<\/B> con l\u2019ultimo degli appuntamenti in calendario della serie <B style=\"mso-bidi-font-weight: normal\">\u201cPromesse del cinema e della letteratura sarda\u201d<\/B>.<SPAN style=\"mso-spacerun: yes\">&nbsp; <\/SPAN>Per quest\u2019ultimo convegno dedicato ai giovani talenti sardi del mondo del cinema e della letteratura \u00e8 in programma domani <B style=\"mso-bidi-font-weight: normal\">luned\u00ec 29 agosto alle<\/B> o<B style=\"mso-bidi-font-weight: normal\">re 21.30 alla Chiesa della Madonna di Bonaria, <\/B>l\u2019incontro intervista con il regista cinematografico <B style=\"mso-bidi-font-weight: normal\">Peter Marcias.<\/B><\/SPAN><\/p>\n<p><SPAN style=\"FONT-FAMILY: 'Verdana', 'sans-serif'\">Nel piccolo centro della Trexenta a pochi chilometri da Cagliari, nei panni dell\u2019intervistatore l\u2019autore di saggi e romanzi <B style=\"mso-bidi-font-weight: normal\">Gianni Marilotti <\/B>affronter\u00e0 con<B style=\"mso-bidi-font-weight: normal\"> <\/B>il giovane cineasta nato a Oristano ma da alcuni anni residente a Roma per motivi di lavoro, una riflessione sullo stato del cinema sardo e sulle difficolt\u00e0 che possono incontrare i giovani interessati ad affrontare questa professione. Al termine dell\u2019incontro con il giovane regista, saranno proiettati ampi spezzoni delle sue opere pi\u00f9 rappresentative e premiate ai concorsi internazionali.<B style=\"mso-bidi-font-weight: normal\"><\/B><\/SPAN><\/p>\n<p><SPAN style=\"FONT-FAMILY: 'Verdana', 'sans-serif'\">Peter Marcias da giorni all\u2019attenzione dei media per il successo e le attestazioni della critica ottenuti con l\u2019ultimo film \u201c'I bambini della sua vita\u201d - evento speciale nella sezione Queer Lion Award 2011, il premio riservato alle pellicole presenti alla 68\u00b0 Mostra Internazionale cinematografica di Venezia che \u00e8 stato proiettato il 3 settembre - racconter\u00e0 al pubblico del Festival delle Arti del Gerrei, i suoi trascorsi e le difficolt\u00e0 affrontate nelle sua ancora breve ma, promettente carriera.<SPAN style=\"mso-spacerun: yes\">&nbsp; <\/SPAN>L\u2019ultima pellicola del regista sardo, ambientata a Cagliari sui temi dell\u2019omosessualit\u00e0 e la diversit\u00e0, \u00e8 interpretata da Piera Degli Esposti, Nino Frassica e Julien Alluguette. Per la sua interpretazione nel film di Marcias, Piera Degli Esposti ha ricevuto il Globo D'Oro dalla stampa estera come miglior attrice dell'anno.<\/SPAN><\/p>\n<p><SPAN style=\"FONT-FAMILY: 'Verdana', 'sans-serif'\">Peter Marcias si \u00e8 diplomato in regia presso la Scuola Superiore Europea di Cinema di Barbarano Romano (Viterbo). Ha realizzato numerosi spot, documentari e cortometraggi&nbsp;presentati&nbsp;nei festival nazionali ed internazionali tra cui Olivia (2003), Il canto delle cicale (2004)&nbsp;e Antonio Romagnino (2005). Il suo esordio nelle sale cinematografiche \u00e8 del 2006 con il film collettivo Bambini prodotto e distribuito&nbsp;dalla Pablo di Gianluca Arcopinto, dove ha diretto l\u2019episodio \u201cSono Alice\u201d che ha partecipato a numerosi festival internazionali tra cui Golden Horse Taipei, Mostra di&nbsp;S\u00e3o Paulo in Brasile, Giffoni, Syracuse International film Festival, Istanbul, Kiev.<SPAN style=\"mso-spacerun: yes\">&nbsp; <\/SPAN>Nel 2007 dirige la docu-fiction \u201cMa la Spagna non era cattolica?\u201d che partecipa in concorso al Festival Internazionale GLBT di Torino, Giornate di Cinema Omosessuale di Venezia, Festival di Madrid, Buenos Aires, Valladolid. La pellicola, che per prima in Italia affronta il dibattito delle riforme spagnole di Zapatero in materia di unioni omosessuali, \u00e8 stata distribuita&nbsp;al cinema&nbsp;in varie citt\u00e0 italiane. Con la pellicola \u201cUn attimo sospesi\u201d (2008), Peter Marcias dirige la sua la sua opera prima, interpretata da Paolo Bonacelli, Nino Frassica e Ana Caterina Morariu.<\/SPAN><\/p>\n<p><SPAN style=\"FONT-FAMILY: 'Verdana', 'sans-serif'\">Il film partecipa al concorso Festival Internazionale di cinema di S\u00e3o Paulo in Brasile nella sezione \"New Directors Competitions\" e ottiene dopo l\u2019uscita nei cinema italiani, riconoscimenti dalla critica e dal pubblico. Nel 2010 presenta alle Giornate degli autori nell\u2019ambito della 67 Mostra d\u2019arte cinematografica di Venezia il film documentario \u201cLiliana Cavani una donna nel cinema\u201d, che ottiene la nominations ai Nastri D\u2019Argento 2011 quale Miglior Documentario e rappresenta l\u2019Italia ai festival internazionali di Mosca e Sao Paulo in Brasile.<SPAN style=\"mso-spacerun: yes\">&nbsp; <\/SPAN>Nel 2011 esce nelle sale cinematografiche il suo secondo film \u201cI bambini della sua vita\u201d che debutta unico film italiano in concorso al XII\u00b0 Festival Europeo.<\/SPAN><\/p>\n<p><SPAN style=\"FONT-FAMILY: 'Verdana', 'sans-serif'\">La manifestazione giunta quest\u2019anno alla quinta edizione \u00e8 organizzata dalla Coop. L'aquilone di Viviana, direttrice artistica Ilaria Nina Zedda in collaborazione con i Comuni di<SPAN class=apple-converted-space>&nbsp;<\/SPAN>Armungia, Ballao, Sant'Andrea Frius, San Basilio, Silius e Villasalto, con il contributo della Provincia di Cagliari e della <SPAN class=apple-style-span><SPAN style=\"BACKGROUND: white; COLOR: black\">Regione Autonoma della Sardegna, Assessorato alla Cultura.<\/SPAN><\/SPAN><SPAN class=apple-converted-space><SPAN style=\"BACKGROUND: white; COLOR: black\"> Red<\/SPAN><\/SPAN><\/SPAN><\/p>\n","protected":false},"excerpt":{"rendered":"<p>Prosegue con un altro incontro culturale la V Edizione del Festival delle arti del Gerrei \u201cBisu de una noti de mesu estadi 2011. La manifestazione&#8230;<\/p>\n","protected":false},"author":2,"featured_media":0,"comment_status":"closed","ping_status":"closed","sticky":false,"template":"","format":"standard","meta":[],"categories":[49],"tags":[],"_links":{"self":[{"href":"https:\/\/www.cronacaonline.it\/index.php\/wp-json\/wp\/v2\/posts\/70208"}],"collection":[{"href":"https:\/\/www.cronacaonline.it\/index.php\/wp-json\/wp\/v2\/posts"}],"about":[{"href":"https:\/\/www.cronacaonline.it\/index.php\/wp-json\/wp\/v2\/types\/post"}],"author":[{"embeddable":true,"href":"https:\/\/www.cronacaonline.it\/index.php\/wp-json\/wp\/v2\/users\/2"}],"replies":[{"embeddable":true,"href":"https:\/\/www.cronacaonline.it\/index.php\/wp-json\/wp\/v2\/comments?post=70208"}],"version-history":[{"count":0,"href":"https:\/\/www.cronacaonline.it\/index.php\/wp-json\/wp\/v2\/posts\/70208\/revisions"}],"wp:attachment":[{"href":"https:\/\/www.cronacaonline.it\/index.php\/wp-json\/wp\/v2\/media?parent=70208"}],"wp:term":[{"taxonomy":"category","embeddable":true,"href":"https:\/\/www.cronacaonline.it\/index.php\/wp-json\/wp\/v2\/categories?post=70208"},{"taxonomy":"post_tag","embeddable":true,"href":"https:\/\/www.cronacaonline.it\/index.php\/wp-json\/wp\/v2\/tags?post=70208"}],"curies":[{"name":"wp","href":"https:\/\/api.w.org\/{rel}","templated":true}]}}