{"id":70205,"date":"2011-08-11T00:00:00","date_gmt":"2011-08-10T22:00:00","guid":{"rendered":"http:\/\/www.cronacaonline.it\/public\/content\/index.php\/2011\/08\/11\/continuita-territoriale-cappellacci-convoca-conferenza-di-servizi-un-ponte-aereo-e-navale-per-superare-insularita\/"},"modified":"2011-08-11T00:00:00","modified_gmt":"2011-08-10T22:00:00","slug":"continuita-territoriale-cappellacci-convoca-conferenza-di-servizi-un-ponte-aereo-e-navale-per-superare-insularita","status":"publish","type":"post","link":"https:\/\/www.cronacaonline.it\/index.php\/2011\/08\/11\/continuita-territoriale-cappellacci-convoca-conferenza-di-servizi-un-ponte-aereo-e-navale-per-superare-insularita\/","title":{"rendered":"Continuit\u00e0 territoriale, Cappellacci convoca conferenza di servizi: &#8220;un ponte aereo e navale per superare insularit\u00e0&#8221;."},"content":{"rendered":"<p><SPAN class=apple-style-span><SPAN style=\"LINE-HEIGHT: 115%; FONT-FAMILY: 'Verdana', 'sans-serif'; BACKGROUND: white; COLOR: black; FONT-SIZE: 13.5pt; mso-bidi-font-family: Arial\">\"Mercoled\u00ec 7 settembre 2011, alle 10:30, si terr\u00e0 la Conferenza di Servizi per la definizione degli oneri di servizio pubblico da imporre sulle rotte aeree da e per la Sardegna.\" Ad annunciarlo \u00e8 il presidente della Regione, Ugo Cappellacci. <\/SPAN><\/SPAN><\/p>\n<p><SPAN class=apple-style-span><SPAN style=\"LINE-HEIGHT: 115%; FONT-FAMILY: 'Verdana', 'sans-serif'; BACKGROUND: white; COLOR: black; FONT-SIZE: 13.5pt; mso-bidi-font-family: Arial\">\"Lavoriamo - ha aggiunto - affinch\u00e9 il diritto alla mobilit\u00e0 dei Sardi e la libert\u00e0 della nostre imprese di accedere ai mercati extraregionali possano trovare piena e concreta attuazione in azioni stabili e di lungo periodo. Il nostro obiettivo&nbsp;<\/SPAN><\/SPAN><SPAN class=apple-converted-space><SPAN style=\"LINE-HEIGHT: 115%; FONT-FAMILY: 'Verdana', 'sans-serif'; BACKGROUND: white; COLOR: black; FONT-SIZE: 13.5pt; mso-bidi-font-family: Arial\">&nbsp;\u00e8<\/SPAN><\/SPAN><SPAN class=apple-style-span><SPAN style=\"LINE-HEIGHT: 115%; FONT-FAMILY: 'Verdana', 'sans-serif'; BACKGROUND: white; COLOR: black; FONT-SIZE: 13.5pt; mso-bidi-font-family: Arial\"> quello di realizzare un \"ponte\" aereo e anche navale, che sia<\/SPAN><\/SPAN><SPAN class=apple-converted-space><SPAN style=\"LINE-HEIGHT: 115%; FONT-FAMILY: 'Verdana', 'sans-serif'; BACKGROUND: white; COLOR: black; FONT-SIZE: 13.5pt; mso-bidi-font-family: Arial\">&nbsp;<\/SPAN><\/SPAN><SPAN class=apple-style-span><SPAN style=\"LINE-HEIGHT: 115%; FONT-FAMILY: 'Verdana', 'sans-serif'; BACKGROUND: white; COLOR: black; FONT-SIZE: 13.5pt; mso-bidi-font-family: Arial\">&nbsp;strumento per il superamento della nostra condizione di insularit\u00e0. Vogliamo tariffe agevolate per i residenti, per le merci e anche per coloro i quali, non residenti, potranno raggiungere pi\u00f9' facilmente la nostra Isola e rappresentare una risorsa per il nostro sistema, in particolare per il turismo\".<\/SPAN><\/SPAN><SPAN class=apple-converted-space><SPAN style=\"LINE-HEIGHT: 115%; FONT-FAMILY: 'Verdana', 'sans-serif'; BACKGROUND: white; COLOR: black; FONT-SIZE: 13.5pt; mso-bidi-font-family: Arial\">&nbsp;<\/SPAN><FONT face=\"\">Red<\/FONT><\/SPAN><\/SPAN><\/p>\n","protected":false},"excerpt":{"rendered":"<p>&#8220;Mercoled\u00ec 7 settembre 2011, alle 10:30, si terr\u00e0 la Conferenza di Servizi per la definizione degli oneri di servizio pubblico da imporre sulle rotte aeree&#8230;<\/p>\n","protected":false},"author":2,"featured_media":10386,"comment_status":"closed","ping_status":"closed","sticky":false,"template":"","format":"standard","meta":[],"categories":[49],"tags":[],"_links":{"self":[{"href":"https:\/\/www.cronacaonline.it\/index.php\/wp-json\/wp\/v2\/posts\/70205"}],"collection":[{"href":"https:\/\/www.cronacaonline.it\/index.php\/wp-json\/wp\/v2\/posts"}],"about":[{"href":"https:\/\/www.cronacaonline.it\/index.php\/wp-json\/wp\/v2\/types\/post"}],"author":[{"embeddable":true,"href":"https:\/\/www.cronacaonline.it\/index.php\/wp-json\/wp\/v2\/users\/2"}],"replies":[{"embeddable":true,"href":"https:\/\/www.cronacaonline.it\/index.php\/wp-json\/wp\/v2\/comments?post=70205"}],"version-history":[{"count":0,"href":"https:\/\/www.cronacaonline.it\/index.php\/wp-json\/wp\/v2\/posts\/70205\/revisions"}],"wp:featuredmedia":[{"embeddable":true,"href":"https:\/\/www.cronacaonline.it\/index.php\/wp-json\/"}],"wp:attachment":[{"href":"https:\/\/www.cronacaonline.it\/index.php\/wp-json\/wp\/v2\/media?parent=70205"}],"wp:term":[{"taxonomy":"category","embeddable":true,"href":"https:\/\/www.cronacaonline.it\/index.php\/wp-json\/wp\/v2\/categories?post=70205"},{"taxonomy":"post_tag","embeddable":true,"href":"https:\/\/www.cronacaonline.it\/index.php\/wp-json\/wp\/v2\/tags?post=70205"}],"curies":[{"name":"wp","href":"https:\/\/api.w.org\/{rel}","templated":true}]}}