{"id":70190,"date":"2011-08-09T00:00:00","date_gmt":"2011-08-08T22:00:00","guid":{"rendered":"http:\/\/www.cronacaonline.it\/public\/content\/index.php\/2011\/08\/09\/attivita-di-contrasto-ai-piromani-da-parte-degli-agenti-della-guardia-forestale-della-sardegna\/"},"modified":"2011-08-09T00:00:00","modified_gmt":"2011-08-08T22:00:00","slug":"attivita-di-contrasto-ai-piromani-da-parte-degli-agenti-della-guardia-forestale-della-sardegna","status":"publish","type":"post","link":"https:\/\/www.cronacaonline.it\/index.php\/2011\/08\/09\/attivita-di-contrasto-ai-piromani-da-parte-degli-agenti-della-guardia-forestale-della-sardegna\/","title":{"rendered":"Attivit\u00e0 di contrasto ai piromani da parte degli agenti della Guardia Forestale della Sardegna,"},"content":{"rendered":"<p>Nella giornata di ieri, il personale dei Nuclei investigativi della Guardia Forestale di Cagliari, ha arrestato <B style=\"mso-bidi-font-weight: normal\">Francesco Piras, di 70 anni, originario di Selegas ma residente a Monserrato (Ca), <\/B>colto nella flagranza di reato mentre appiccava un incendio in localit\u00e0 \u201cIs Argiolas\u201d<SPAN style=\"mso-spacerun: yes\">&nbsp; <\/SPAN>tra i Comuni di Cagliari e Monserrato.<\/p>\n<p>I fatti si sono verificati intorno alle 21,30<SPAN style=\"mso-spacerun: yes\">&nbsp; <\/SPAN>quando gli<SPAN style=\"mso-spacerun: yes\">&nbsp; <\/SPAN>investigatori della Forestale in servizio nella zona, dove da giorni si verificavano una serie ripetuta di incendi, hanno sorpreso il pensionato mentre con un accendino innescava le fiamme ad un campo di stoppie e quindi si allontanava rifugiandosi nella propria abitazione situata nei pressi. Le fiamme hanno poi interessato una superficie di circa 5 ettari dove hanno incenerito sterpaglie per domare le quali sono intervenute due squadre tra volontari e vigili del fuoco<SPAN style=\"mso-spacerun: yes\">&nbsp; <\/SPAN><\/p>\n<p>Una volta arrestato l\u2019uomo \u00e8 stato condotto al carcere di Buon Cammino a disposizione del Pubblico Ministero Giancarlo Moi che \u00e8 stato informato dei fatti e che stamane effettuer\u00e0 l\u2019interrogatorio di garanzia e la convalida dell\u2019arresto.<\/p>\n<p>All\u2019arresto di ieri si \u00e8 giunti dopo una difficile giornata sul fronte degli incendi che hanno interessato varie zone della provincia, I pi\u00f9 preoccupanti, con intervento di mezzi aerei, sono segnalati<SPAN style=\"mso-spacerun: yes\">&nbsp; <\/SPAN>a Teulada nella zona di Tuerra e a Serrenti che ha interessato la zona Santu Miali; quest\u2019ultimo, originatosi da linea elettrica,<SPAN style=\"mso-spacerun: yes\">&nbsp; <\/SPAN>\u00e8 dovuto alla rottura della giuntura di un condotta elettrica di media tensione.<\/p>\n<p><SPAN style=\"mso-spacerun: yes\">&nbsp;<\/SPAN>Anche stamane due gravi incendi: uno nella zona di Castiadas, in localit\u00e0 Villa Rey, dove \u00e8 stata accertata dagli investigatori l\u2019origine colposa, ed \u00e8 partito da un cumulo di residui di potatura di vegetali di una villetta; Ad Assemini in altro incendio si \u00e8 invece originato dalla rottura di un cavo di una condotta di linea elettrica di bassa tensione<SPAN style=\"mso-spacerun: yes\">&nbsp; <\/SPAN>dove<SPAN style=\"mso-spacerun: yes\">&nbsp; <\/SPAN>in tutte le circostanze si<SPAN style=\"mso-spacerun: yes\">&nbsp; <\/SPAN>\u00e8 provveduto ad informare la Procura della Repubblica con il sequestro dello spezzone di cavo.<\/p>\n<p>Gli incendi che oggi hanno colpito la provincia di Cagliari e del Medio Campidano, sono complessivamente 701 con<SPAN style=\"mso-spacerun: yes\">&nbsp; <\/SPAN>superficie di 100 ettari di bosco<SPAN style=\"mso-spacerun: yes\">&nbsp; <\/SPAN>4000 ettari tra incolti e coltivi e al momento sono 25 le persone denunciate per incendio colposo e 9 gli indagati<SPAN style=\"mso-spacerun: yes\">&nbsp; <\/SPAN>per incendio doloso di cui 4 minori<SPAN style=\"mso-spacerun: yes\">&nbsp;&nbsp; <\/SPAN><\/p>\n","protected":false},"excerpt":{"rendered":"<p>Nella giornata di ieri, il personale dei Nuclei investigativi della Guardia Forestale di Cagliari, ha arrestato Francesco Piras, di 70 anni, originario di Selegas ma&#8230;<\/p>\n","protected":false},"author":2,"featured_media":0,"comment_status":"closed","ping_status":"closed","sticky":false,"template":"","format":"standard","meta":[],"categories":[49],"tags":[],"_links":{"self":[{"href":"https:\/\/www.cronacaonline.it\/index.php\/wp-json\/wp\/v2\/posts\/70190"}],"collection":[{"href":"https:\/\/www.cronacaonline.it\/index.php\/wp-json\/wp\/v2\/posts"}],"about":[{"href":"https:\/\/www.cronacaonline.it\/index.php\/wp-json\/wp\/v2\/types\/post"}],"author":[{"embeddable":true,"href":"https:\/\/www.cronacaonline.it\/index.php\/wp-json\/wp\/v2\/users\/2"}],"replies":[{"embeddable":true,"href":"https:\/\/www.cronacaonline.it\/index.php\/wp-json\/wp\/v2\/comments?post=70190"}],"version-history":[{"count":0,"href":"https:\/\/www.cronacaonline.it\/index.php\/wp-json\/wp\/v2\/posts\/70190\/revisions"}],"wp:attachment":[{"href":"https:\/\/www.cronacaonline.it\/index.php\/wp-json\/wp\/v2\/media?parent=70190"}],"wp:term":[{"taxonomy":"category","embeddable":true,"href":"https:\/\/www.cronacaonline.it\/index.php\/wp-json\/wp\/v2\/categories?post=70190"},{"taxonomy":"post_tag","embeddable":true,"href":"https:\/\/www.cronacaonline.it\/index.php\/wp-json\/wp\/v2\/tags?post=70190"}],"curies":[{"name":"wp","href":"https:\/\/api.w.org\/{rel}","templated":true}]}}