{"id":70184,"date":"2011-08-06T00:00:00","date_gmt":"2011-08-05T22:00:00","guid":{"rendered":"http:\/\/www.cronacaonline.it\/public\/content\/index.php\/2011\/08\/06\/miss-italia-a-porto-cervo-eletta-miss-cinema-veribel-sardegna-2011\/"},"modified":"2011-08-06T00:00:00","modified_gmt":"2011-08-05T22:00:00","slug":"miss-italia-a-porto-cervo-eletta-miss-cinema-veribel-sardegna-2011","status":"publish","type":"post","link":"https:\/\/www.cronacaonline.it\/index.php\/2011\/08\/06\/miss-italia-a-porto-cervo-eletta-miss-cinema-veribel-sardegna-2011\/","title":{"rendered":"Miss Italia: a Porto Cervo eletta &#8220;Miss Cinema Veribel Sardegna 2011&#8221;"},"content":{"rendered":"<p><FONT face=Helvetica><SPAN class=apple-style-span><SPAN style=\"LINE-HEIGHT: 115%; FONT-FAMILY: 'Helvetica', 'sans-serif'; COLOR: black; FONT-SIZE: 10.5pt\">Il Concorso Nazionale di Miss Italia organizzato in Sardegna per il sedicesimo anno da Michela Giangrasso \u00e8 giunto alla fase pi\u00f9 importante.<u1:p><\/u1:p><\/SPAN><\/SPAN><SPAN style=\"LINE-HEIGHT: 115%; FONT-SIZE: 8.5pt\"><\/SPAN><\/FONT><\/p>\n<p><FONT face=\"\"><B><SPAN style=\"LINE-HEIGHT: 115%; FONT-SIZE: 13.5pt\">Giovedi 4 Agosto<\/SPAN><\/B><\/FONT><FONT face=Helvetica><SPAN class=apple-style-span><SPAN style=\"LINE-HEIGHT: 115%; FONT-FAMILY: 'Helvetica', 'sans-serif'; COLOR: black; FONT-SIZE: 10.5pt\">&nbsp;l'esclusiva Porto Cervo ha aperto le porte al concorso di bellezza pi\u00f9 conosciuto d'Italia ospitando presso Il Bagaglino \"I Giardini di Porto Cervo\" l'elezione di \"Miss Cinema Veribel Sardegna 2011\"<\/SPAN><\/SPAN><SPAN style=\"LINE-HEIGHT: 115%; FONT-SIZE: 8.5pt\"><\/SPAN><\/FONT><\/p>\n<p><FONT face=\"\"><SPAN class=apple-style-span><SPAN style=\"LINE-HEIGHT: 115%; COLOR: black; FONT-SIZE: 10.5pt\">La numerosissima giuria era presieduta da Gianni Rivera uno dei pi\u00f9 grandi calciatori italiani di tutti i tempi che ha poi premiato la vincitrice.<\/SPAN><\/SPAN><SPAN style=\"LINE-HEIGHT: 115%; FONT-SIZE: 8.5pt\"><\/SPAN><\/FONT><\/p>\n<p><FONT face=\"\"><SPAN class=apple-style-span><SPAN style=\"LINE-HEIGHT: 115%; COLOR: black; FONT-SIZE: 10.5pt\">Nella stupendo cornice del Bagaglino hanno sfliato le 16 bellezze isolane in lizza per il titolo di \"Miss Cinema Veribel Sardegna 2011\" che ha permesso alla vincitrice di guadagne alla vincitrice un posto alle prefinali di Montecatini Terme.&nbsp;Madrine della serata la bellissime Francesca Rossi &nbsp;e Federica Pusceddu rispettivamente Miss Rocchetta bellezza Sardegna 2011 e Miss Sportiva Sardegna 2011. L'attesa per la proclamazione della Miss vincitrice \u00e8 stata resa ancora pi\u00f9 piacevole da momenti di intrattenimento e canori.<\/SPAN><\/SPAN><SPAN style=\"LINE-HEIGHT: 115%; FONT-SIZE: 8.5pt\"><\/SPAN><\/FONT><\/p>\n<p><FONT face=\"\"><SPAN class=apple-style-span><SPAN style=\"LINE-HEIGHT: 115%; COLOR: black; FONT-SIZE: 10.5pt\">Il quarto biglietto per le prefinali di Montecatini Terme \u00e8 stato assegnato alla 19 enne Silvia Sanna, 1,75 bionda occhi castani che sogna di fare la fotomodella. Hanno avuto una fascia anche Maria Tola 18 anni di Torp\u00e8, &nbsp;Valeria Salaris 20 anni di Olmedo e&nbsp;Federica Pintus 18 anni di Selargius.<\/SPAN><\/SPAN><SPAN style=\"LINE-HEIGHT: 115%; FONT-SIZE: 8.5pt\"><\/SPAN><\/FONT><\/p>\n<p><FONT face=\"\"><SPAN class=apple-style-span><SPAN style=\"LINE-HEIGHT: 115%; COLOR: black; FONT-SIZE: 10.5pt\">La ricerca della candidata che rappresentera' la Sardegna alle finali nazionali del concorso di bellezza pi\u00f9 importante d'Italia, prosegue<\/SPAN><\/SPAN><SPAN class=apple-converted-space><SPAN style=\"LINE-HEIGHT: 115%; COLOR: black; FONT-SIZE: 10.5pt\">&nbsp;<\/SPAN><\/SPAN><SPAN class=apple-style-span><SPAN style=\"LINE-HEIGHT: 115%; COLOR: black; FONT-SIZE: 10.5pt\"><A href=\"javascript:mails_addtocal(1,%22oggi%22);\"><SPAN style=\"COLOR: #ff8000\">oggi<\/SPAN><\/A>&nbsp;5 agosto alle 22:00 presso l'hotel Flamingo di Santa Margherita di Pula per l'elezione di Miss Eleganza Sardegna 2011 e<\/SPAN><\/SPAN><SPAN class=apple-converted-space><SPAN style=\"LINE-HEIGHT: 115%; COLOR: black; FONT-SIZE: 10.5pt\">&nbsp;<\/SPAN><\/SPAN><SPAN class=apple-style-span><SPAN style=\"LINE-HEIGHT: 115%; COLOR: black; FONT-SIZE: 10.5pt\"><A href=\"javascript:mails_addtocal(2,%22domani%22);\"><SPAN style=\"COLOR: #ff8000\">domani<\/SPAN><\/A><\/SPAN><\/SPAN><SPAN class=apple-converted-space><SPAN style=\"LINE-HEIGHT: 115%; COLOR: black; FONT-SIZE: 10.5pt\">&nbsp;<\/SPAN><\/SPAN><SPAN class=apple-style-span><SPAN style=\"LINE-HEIGHT: 115%; COLOR: black; FONT-SIZE: 10.5pt\">al Bingo Imperial di Quartu S. Elena per l'elezione di Miss Bingo Imperial, sempre alle 22:00.<\/SPAN><\/SPAN><SPAN style=\"LINE-HEIGHT: 115%; FONT-SIZE: 8.5pt\"><\/SPAN><\/FONT><\/p>\n<p><FONT face=\"\"><SPAN class=apple-style-span><SPAN style=\"LINE-HEIGHT: 115%; COLOR: black; FONT-SIZE: 10.5pt\">Appuntamento da non perdere per il pubblico Cagliaritano sar\u00e0 l'elezione di Miss Cagliari 2011 l'<B>8 Agosto<\/B>&nbsp;alle ore 22:00 presso il raffinato locale&nbsp;Sette Vizi presso la Mediateca del Mediterraneo. Per questa importante titolo sono ancora aperte le iscrizioni che si possono effettuare via internet o chiamando semplicemente la segreteria organizzativa di Michela Giangrasso al numero 070\/307740. Presidente di giuria sar\u00e0 Jacopo Cullin che non mancher\u00e0 di intrattenere il pubblico con le domande pi\u00f9 simpatiche per conoscere le aspiranti miss. Gradita ospite della serata sar\u00e0 la miss in carica Gabriella Poerio che dovr\u00e0 cedere la sua corona della pi\u00f9 bella della citt\u00e0.<\/SPAN><\/SPAN><SPAN style=\"LINE-HEIGHT: 115%; FONT-SIZE: 8.5pt\"><\/SPAN><\/FONT><\/p>\n<p><SPAN class=apple-style-span><SPAN style=\"LINE-HEIGHT: 115%; FONT-FAMILY: 'Verdana', 'sans-serif'; COLOR: black; FONT-SIZE: 10.5pt\"><FONT face=Verdana>Durante le finali regionali di Miss Italia vengono assegnati i titoli regionali abbinati al concorso, biglietti validi per le prefinali nazionali, prima della finalissima regionale del 20 agosto in piazza del mare a Villasimius in diretta televisiva su Videolina alle ore 21:00 , dove verr\u00e0 eletta Miss Sardegna 2011 che acceder\u00e0 direttamente alla finalissima nazionale di Montecatini Terme e nelle giornate di diretta televisiva su Rai 1 del 18 e 19 settembre.<\/FONT><\/SPAN><\/SPAN><SPAN class=apple-style-span><SPAN style=\"FONT-FAMILY: 'Verdana', 'sans-serif'\"><\/SPAN><\/SPAN><\/p>\n","protected":false},"excerpt":{"rendered":"<p>Il Concorso Nazionale di Miss Italia organizzato in Sardegna per il sedicesimo anno da Michela Giangrasso \u00e8 giunto alla fase pi\u00f9 importante. Giovedi 4 Agosto&nbsp;l&#8217;esclusiva&#8230;<\/p>\n","protected":false},"author":2,"featured_media":10381,"comment_status":"closed","ping_status":"closed","sticky":false,"template":"","format":"standard","meta":[],"categories":[49],"tags":[],"_links":{"self":[{"href":"https:\/\/www.cronacaonline.it\/index.php\/wp-json\/wp\/v2\/posts\/70184"}],"collection":[{"href":"https:\/\/www.cronacaonline.it\/index.php\/wp-json\/wp\/v2\/posts"}],"about":[{"href":"https:\/\/www.cronacaonline.it\/index.php\/wp-json\/wp\/v2\/types\/post"}],"author":[{"embeddable":true,"href":"https:\/\/www.cronacaonline.it\/index.php\/wp-json\/wp\/v2\/users\/2"}],"replies":[{"embeddable":true,"href":"https:\/\/www.cronacaonline.it\/index.php\/wp-json\/wp\/v2\/comments?post=70184"}],"version-history":[{"count":0,"href":"https:\/\/www.cronacaonline.it\/index.php\/wp-json\/wp\/v2\/posts\/70184\/revisions"}],"wp:featuredmedia":[{"embeddable":true,"href":"https:\/\/www.cronacaonline.it\/index.php\/wp-json\/"}],"wp:attachment":[{"href":"https:\/\/www.cronacaonline.it\/index.php\/wp-json\/wp\/v2\/media?parent=70184"}],"wp:term":[{"taxonomy":"category","embeddable":true,"href":"https:\/\/www.cronacaonline.it\/index.php\/wp-json\/wp\/v2\/categories?post=70184"},{"taxonomy":"post_tag","embeddable":true,"href":"https:\/\/www.cronacaonline.it\/index.php\/wp-json\/wp\/v2\/tags?post=70184"}],"curies":[{"name":"wp","href":"https:\/\/api.w.org\/{rel}","templated":true}]}}