{"id":70142,"date":"2011-08-31T00:00:00","date_gmt":"2011-08-30T22:00:00","guid":{"rendered":"http:\/\/www.cronacaonline.it\/public\/content\/index.php\/2011\/08\/31\/presentazione-domani-quinta-edizione-del-festival-creuza-de-ma-in-programma-a-carloforte-dall8-all11-settembre\/"},"modified":"2011-08-31T00:00:00","modified_gmt":"2011-08-30T22:00:00","slug":"presentazione-domani-quinta-edizione-del-festival-creuza-de-ma-in-programma-a-carloforte-dall8-all11-settembre","status":"publish","type":"post","link":"https:\/\/www.cronacaonline.it\/index.php\/2011\/08\/31\/presentazione-domani-quinta-edizione-del-festival-creuza-de-ma-in-programma-a-carloforte-dall8-all11-settembre\/","title":{"rendered":"Presentazione domani quinta edizione del festival \u201cCreuza de Ma&#8217;\u201d, in programma a Carloforte dall\u20198 all\u201911 settembre."},"content":{"rendered":"<p><SPAN style=\"LINE-HEIGHT: 115%; FONT-FAMILY: 'Verdana', 'sans-serif'; BACKGROUND: white; FONT-SIZE: 12pt; mso-fareast-language: IT\">Domani, alle ore 11, presso l\u2019Assessorato Regionale dello Spettacolo e Attivit\u00e0 Culturali, viale Trieste 186 a Cagliari, il regista Gianfranco Cabiddu presenta alla stampa la quinta edizione&nbsp;del festival \u201cCreuza&nbsp;de&nbsp;Ma'\u201d, in programma a Carloforte dall\u20198 all\u201911 settembre.<\/SPAN><\/p>\n<p><SPAN style=\"LINE-HEIGHT: 115%; FONT-FAMILY: 'Verdana', 'sans-serif'; BACKGROUND: white; FONT-SIZE: 12pt; mso-fareast-language: IT\">Formula consolidata e proposte di qualit\u00e0: quattro giornate nel segno dello strettissimo rapporto tra&nbsp;cinema e musica, con proiezioni di film, concerti e incontri con musicisti, compositori, registi e attori. Si rinnova per il&nbsp;quinto anno consecutivo&nbsp;l\u2019appuntamento con&nbsp;\u201cCreuza de Ma\u201d, il festival ideato e organizzato dall\u2019associazione culturaleBackstage&nbsp;con la direzione artistica del regista&nbsp;Gianfranco Cabiddu,&nbsp;in programma&nbsp;da gioved\u00ec 8 a domenica 11 settembre&nbsp;a&nbsp;Carloforte, il paese sull'isola di San Pietro, a mezz'ora di nave dal sud-ovest della Sardegna.<\/SPAN><\/p>\n<p><SPAN style=\"LINE-HEIGHT: 115%; FONT-FAMILY: 'Verdana', 'sans-serif'; BACKGROUND: white; FONT-SIZE: 12pt; mso-fareast-language: IT\">Il programma della manifestazione - che si avvale del contributo del Ministero per i Beni e le Attivit\u00e0 Culturali, dell\u2019Assessorato&nbsp;della Pubblica Istruzione, Beni Culturali, Informazione, Spettacolo e Sport&nbsp;e dell'Assessorato del Turismo della Regione Autonoma della Sardegna, del Comune di Carloforte, della Provincia di Carbonia-Iglesias, della Fondazione Banco di Sardegna e del Parco Geominerario Storico Ambientale della Sardegna,&nbsp;verr\u00e0 presentato alla stampa gioved\u00ec 1 settembre a Cagliari, presso l'Assessorato Regionale dello Spettacolo e Attivit\u00e0 Culturali, in viale Trieste, 186&nbsp;(sala conferenze, secondo piano).<\/SPAN><\/p>\n<p><SPAN style=\"LINE-HEIGHT: 115%; FONT-FAMILY: 'Verdana', 'sans-serif'; BACKGROUND: white; FONT-SIZE: 12pt; mso-fareast-language: IT\">All'incontro con i giornalisti, che avr\u00e0 inizio&nbsp;alle 11, \u00e8 prevista la partecipazione dell'assessore della Pubblica Istruzione, Beni Culturali, Informazione, Spettacolo e Sport,&nbsp;Sergio Milia, del sindaco di Carloforte,&nbsp;Agostino Stefanelli, e del direttore artistico di&nbsp;\u201cCreuza de Ma\u201d,&nbsp;Gianfranco Cabiddu. Red<\/SPAN><\/p>\n<p><FONT face=Calibri>&nbsp;<\/FONT><\/p>\n","protected":false},"excerpt":{"rendered":"<p>Domani, alle ore 11, presso l\u2019Assessorato Regionale dello Spettacolo e Attivit\u00e0 Culturali, viale Trieste 186 a Cagliari, il regista Gianfranco Cabiddu presenta alla stampa la&#8230;<\/p>\n","protected":false},"author":2,"featured_media":0,"comment_status":"closed","ping_status":"closed","sticky":false,"template":"","format":"standard","meta":[],"categories":[49],"tags":[],"_links":{"self":[{"href":"https:\/\/www.cronacaonline.it\/index.php\/wp-json\/wp\/v2\/posts\/70142"}],"collection":[{"href":"https:\/\/www.cronacaonline.it\/index.php\/wp-json\/wp\/v2\/posts"}],"about":[{"href":"https:\/\/www.cronacaonline.it\/index.php\/wp-json\/wp\/v2\/types\/post"}],"author":[{"embeddable":true,"href":"https:\/\/www.cronacaonline.it\/index.php\/wp-json\/wp\/v2\/users\/2"}],"replies":[{"embeddable":true,"href":"https:\/\/www.cronacaonline.it\/index.php\/wp-json\/wp\/v2\/comments?post=70142"}],"version-history":[{"count":0,"href":"https:\/\/www.cronacaonline.it\/index.php\/wp-json\/wp\/v2\/posts\/70142\/revisions"}],"wp:attachment":[{"href":"https:\/\/www.cronacaonline.it\/index.php\/wp-json\/wp\/v2\/media?parent=70142"}],"wp:term":[{"taxonomy":"category","embeddable":true,"href":"https:\/\/www.cronacaonline.it\/index.php\/wp-json\/wp\/v2\/categories?post=70142"},{"taxonomy":"post_tag","embeddable":true,"href":"https:\/\/www.cronacaonline.it\/index.php\/wp-json\/wp\/v2\/tags?post=70142"}],"curies":[{"name":"wp","href":"https:\/\/api.w.org\/{rel}","templated":true}]}}