{"id":70080,"date":"2011-08-27T00:00:00","date_gmt":"2011-08-26T22:00:00","guid":{"rendered":"http:\/\/www.cronacaonline.it\/public\/content\/index.php\/2011\/08\/27\/marcegalia-questa-manovra-e-depressiva\/"},"modified":"2011-08-27T00:00:00","modified_gmt":"2011-08-26T22:00:00","slug":"marcegalia-questa-manovra-e-depressiva","status":"publish","type":"post","link":"https:\/\/www.cronacaonline.it\/index.php\/2011\/08\/27\/marcegalia-questa-manovra-e-depressiva\/","title":{"rendered":"Marcegalia, questa manovra \u00e8 depressiva"},"content":{"rendered":"<p><FONT face=\"\"><SPAN class=MsoSubtleEmphasis><SPAN style=\"FONT-STYLE: normal; COLOR: windowtext; mso-bidi-font-style: italic\">Sono preoccupata perch<\/SPAN><\/SPAN><SPAN class=MsoSubtleEmphasis><SPAN style=\"FONT-STYLE: normal; mso-bidi-font-style: italic\"><FONT color=#808080>\u00e9<\/FONT><\/SPAN><\/SPAN><SPAN class=MsoSubtleEmphasis><SPAN style=\"FONT-STYLE: normal; COLOR: windowtext; mso-bidi-font-style: italic\"> con questa manovra di tutte tasse la crescita sar<\/SPAN><\/SPAN><SPAN class=MsoSubtleEmphasis><SPAN style=\"FONT-STYLE: normal; mso-bidi-font-style: italic\"><FONT color=#808080>\u00e0<\/FONT><\/SPAN><\/SPAN><SPAN class=MsoSubtleEmphasis><SPAN style=\"FONT-STYLE: normal; COLOR: windowtext; mso-bidi-font-style: italic\"> ancora pi<\/SPAN><\/SPAN><SPAN class=MsoSubtleEmphasis><SPAN style=\"FONT-STYLE: normal; mso-bidi-font-style: italic\"><FONT color=#808080>\u00f9<\/FONT><\/SPAN><\/SPAN><SPAN class=MsoSubtleEmphasis><SPAN style=\"FONT-STYLE: normal; COLOR: windowtext; mso-bidi-font-style: italic\"> bassa, <\/SPAN><\/SPAN><SPAN class=MsoSubtleEmphasis><SPAN style=\"FONT-STYLE: normal; mso-bidi-font-style: italic\"><FONT color=#808080>\u00e8<\/FONT><\/SPAN><\/SPAN><SPAN class=MsoSubtleEmphasis><SPAN style=\"FONT-STYLE: normal; COLOR: windowtext; mso-bidi-font-style: italic\"> chiaro che una manovra di questo tipo <\/SPAN><\/SPAN><SPAN class=MsoSubtleEmphasis><SPAN style=\"FONT-STYLE: normal; mso-bidi-font-style: italic\"><FONT color=#808080>\u00e8<\/FONT><\/SPAN><\/SPAN><SPAN class=MsoSubtleEmphasis><SPAN style=\"FONT-STYLE: normal; COLOR: windowtext; mso-bidi-font-style: italic\"> certamente depressiva\".<\/SPAN><\/SPAN><SPAN class=MsoSubtleEmphasis><SPAN style=\"FONT-STYLE: normal; mso-bidi-font-style: italic\"><\/SPAN><\/SPAN><\/FONT><\/p>\n<p><FONT face=\"\"><SPAN class=MsoSubtleEmphasis><SPAN style=\"FONT-STYLE: normal; COLOR: windowtext; mso-bidi-font-style: italic\">Lo ha detto la presidente di Confindustria, Emma Marcegaglia, a Capalbio per la consegna di un premio letterario. Commentando le ultime misure emerse dal dibattito politico, la leader degli industriali ha definito la manovra \"in peggioramento\".<\/SPAN><\/SPAN><SPAN class=MsoSubtleEmphasis><SPAN style=\"FONT-STYLE: normal; mso-bidi-font-style: italic\"><\/SPAN><\/SPAN><\/FONT><\/p>\n<p><FONT face=\"\"><SPAN class=MsoSubtleEmphasis><SPAN style=\"FONT-STYLE: normal; COLOR: windowtext; mso-bidi-font-style: italic\">Nella manovra economica, cos<\/SPAN><\/SPAN><SPAN class=MsoSubtleEmphasis><SPAN style=\"FONT-STYLE: normal; mso-bidi-font-style: italic\"><FONT color=#808080>\u00ec<\/FONT><\/SPAN><\/SPAN><SPAN class=MsoSubtleEmphasis><SPAN style=\"FONT-STYLE: normal; COLOR: windowtext; mso-bidi-font-style: italic\"> come si va delineando, \"c'<\/SPAN><\/SPAN><SPAN class=MsoSubtleEmphasis><SPAN style=\"FONT-STYLE: normal; mso-bidi-font-style: italic\"><FONT color=#808080>\u00e8<\/FONT><\/SPAN><\/SPAN><SPAN class=MsoSubtleEmphasis><SPAN style=\"FONT-STYLE: normal; COLOR: windowtext; mso-bidi-font-style: italic\"> un continuo aumento di tasse. C'<\/SPAN><\/SPAN><SPAN class=MsoSubtleEmphasis><SPAN style=\"FONT-STYLE: normal; mso-bidi-font-style: italic\"><FONT color=#808080>\u00e8<\/FONT><\/SPAN><\/SPAN><SPAN class=MsoSubtleEmphasis><SPAN style=\"FONT-STYLE: normal; COLOR: windowtext; mso-bidi-font-style: italic\"> ormai la gara a chi si inventa la tassa pi<\/SPAN><\/SPAN><SPAN class=MsoSubtleEmphasis><SPAN style=\"FONT-STYLE: normal; mso-bidi-font-style: italic\"><FONT color=#808080>\u00f9<\/FONT><\/SPAN><\/SPAN><\/FONT><FONT face=\"\"><SPAN class=MsoSubtleEmphasis><SPAN style=\"FONT-STYLE: normal; COLOR: windowtext; mso-bidi-font-style: italic\"> esotica. E' una manovra fatta sostanzialmente di aumento di tasse\".&nbsp;<BR>Cos<\/SPAN><\/SPAN><SPAN class=MsoSubtleEmphasis><SPAN style=\"FONT-STYLE: normal; mso-bidi-font-style: italic\"><FONT color=#808080>\u00ec<\/FONT><\/SPAN><\/SPAN><SPAN class=MsoSubtleEmphasis><SPAN style=\"FONT-STYLE: normal; COLOR: windowtext; mso-bidi-font-style: italic\"> la presidente di Confindustria. Emma Marcegaglia, parla delle ultime indicazioni emerse dal dibattito politico sulla manovra di ferragosto, in vista dell'incontro di luned<\/SPAN><\/SPAN><SPAN class=MsoSubtleEmphasis><SPAN style=\"FONT-STYLE: normal; mso-bidi-font-style: italic\"><FONT color=#808080>\u00ec<\/FONT><\/SPAN><\/SPAN><\/FONT><SPAN class=MsoSubtleEmphasis><SPAN style=\"FONT-STYLE: normal; COLOR: windowtext; mso-bidi-font-style: italic\"><FONT face=\"\"> prossimo tra Berlusconi e Bossi.&nbsp;<\/FONT><\/SPAN><\/SPAN><\/p>\n<p><SPAN class=MsoSubtleEmphasis><SPAN style=\"FONT-STYLE: normal; COLOR: windowtext; mso-bidi-font-style: italic\"><FONT face=\"\">Secondo Marcegaglia nel decreto \"c'\u00e8 molto poco di strutturale e niente per la crescita\". Mancano \"le riforme che ci chiedeva la Bce e non sono state trovate le risorse per la crescita\".<\/FONT><\/SPAN><\/SPAN><SPAN class=MsoSubtleEmphasis><SPAN style=\"FONT-STYLE: normal; mso-bidi-font-style: italic\"><\/SPAN><\/SPAN><\/p>\n","protected":false},"excerpt":{"rendered":"<p>Sono preoccupata perch\u00e9 con questa manovra di tutte tasse la crescita sar\u00e0 ancora pi\u00f9 bassa, \u00e8 chiaro che una manovra di questo tipo \u00e8 certamente&#8230;<\/p>\n","protected":false},"author":2,"featured_media":0,"comment_status":"closed","ping_status":"closed","sticky":false,"template":"","format":"standard","meta":[],"categories":[49],"tags":[],"_links":{"self":[{"href":"https:\/\/www.cronacaonline.it\/index.php\/wp-json\/wp\/v2\/posts\/70080"}],"collection":[{"href":"https:\/\/www.cronacaonline.it\/index.php\/wp-json\/wp\/v2\/posts"}],"about":[{"href":"https:\/\/www.cronacaonline.it\/index.php\/wp-json\/wp\/v2\/types\/post"}],"author":[{"embeddable":true,"href":"https:\/\/www.cronacaonline.it\/index.php\/wp-json\/wp\/v2\/users\/2"}],"replies":[{"embeddable":true,"href":"https:\/\/www.cronacaonline.it\/index.php\/wp-json\/wp\/v2\/comments?post=70080"}],"version-history":[{"count":0,"href":"https:\/\/www.cronacaonline.it\/index.php\/wp-json\/wp\/v2\/posts\/70080\/revisions"}],"wp:attachment":[{"href":"https:\/\/www.cronacaonline.it\/index.php\/wp-json\/wp\/v2\/media?parent=70080"}],"wp:term":[{"taxonomy":"category","embeddable":true,"href":"https:\/\/www.cronacaonline.it\/index.php\/wp-json\/wp\/v2\/categories?post=70080"},{"taxonomy":"post_tag","embeddable":true,"href":"https:\/\/www.cronacaonline.it\/index.php\/wp-json\/wp\/v2\/tags?post=70080"}],"curies":[{"name":"wp","href":"https:\/\/api.w.org\/{rel}","templated":true}]}}