{"id":70013,"date":"2011-08-26T00:00:00","date_gmt":"2011-08-25T22:00:00","guid":{"rendered":"http:\/\/www.cronacaonline.it\/public\/content\/index.php\/2011\/08\/26\/aperta-la-mostra-larte-che-ama-larte-che-si-ama\/"},"modified":"2011-08-26T00:00:00","modified_gmt":"2011-08-25T22:00:00","slug":"aperta-la-mostra-larte-che-ama-larte-che-si-ama","status":"publish","type":"post","link":"https:\/\/www.cronacaonline.it\/index.php\/2011\/08\/26\/aperta-la-mostra-larte-che-ama-larte-che-si-ama\/","title":{"rendered":"Aperta la mostra L\u2019arte che ama, l\u2019arte che si ama"},"content":{"rendered":"<p><SPAN style=\"FONT-FAMILY: 'Verdana', 'sans-serif'; mso-bidi-font-family: Arial\">A distanza di alcuni mesi una prima parte della scommessa \u00e8 vinta: sono state raccolte numerose opere d\u2019arte che verranno messe all\u2019asta per raccogliere fondi destinati all\u2019acquisto di un compressore toracico per il Pronto soccorso di Sassari. Il secondo obiettivo adesso \u00e8 proprio questo.<\/SPAN><\/p>\n<p><SPAN style=\"FONT-FAMILY: 'Verdana', 'sans-serif'; mso-bidi-font-family: Arial\">Si \u00e8 aperta ieri a Banari con i migliori auspici la mostra \u201cL\u2019arte che ama, l\u2019arte che si ama\u201d che, sino al 17 settembre, sar\u00e0 visitabile nei locali della Fondazione Logudoro Meilogu nel piccolo paese di appena 600 anime. <\/SPAN><\/p>\n<p><SPAN style=\"FONT-FAMILY: 'Verdana', 'sans-serif'; mso-bidi-font-family: Arial\">I promotori dell\u2019iniziativa, la Fondazione Logudoro Meilogu e il Comune di Banari, a febbraio scorso avevano manifestato l\u2019intenzione di realizzare un evento che consentisse di raccogliere i fondi necessari per l\u2019acquisto di un macchinario utile al Pronto soccorso sassarese: il compressore toracico. \u00c8 un apparecchio progettato per effettuare la rianimazione cardio-polmonare con costanza, senza interruzioni. Rappresenta, per gli operatori sanitari che operano nell\u2019emergenza, un prezioso supporto poich\u00e9 consente di liberare un operatore per altre procedure necessarie nell\u2019emergenza.<\/SPAN><\/p>\n<p><SPAN style=\"FONT-FAMILY: 'Verdana', 'sans-serif'; mso-bidi-font-family: Arial\">Ecco allora le quarantacinque opere, tra quadri e sculture, donati da 33 artisti sardi e 3 della Penisola, profondamente legati alla Sardegna. <\/SPAN><\/p>\n<p><SPAN style=\"FONT-FAMILY: 'Verdana', 'sans-serif'; mso-bidi-font-family: Arial\">\u00abSono certo del risultato \u2013 ha detto il sindaco di Banari, Gianpiero Cordedda \u2013 gli artisti hanno risposto e bisogna dare merito alla loro generosit\u00e0\u00bb. Adesso si attendono le offerte che possono essere anche effettuate on line sul sito della Fondazione <A href=\"http:\/\/www.fondazionelogudoro.com\/\"><FONT color=#0000ff>www.fondazionelogudoro.com<\/FONT><\/A>, dove possono essere consultate anche le opere.<\/SPAN><\/p>\n<p><SPAN style=\"FONT-FAMILY: 'Verdana', 'sans-serif'; mso-bidi-font-family: Arial\">\u00abLe donazioni sono un segnale importante di fiducia verso le istituzioni \u2013 ha sottolineato il direttore generale dell\u2019Asl di Sassari, Marcello Giannico \u2013 e questo evento \u00e8 sicuramente importante, da una parte avvicina i cittadini all\u2019arte e dall\u2019altra li sensibilizza alle attivit\u00e0 del Pronto soccorso.<\/SPAN><\/p>\n<p><SPAN style=\"FONT-FAMILY: 'Verdana', 'sans-serif'; mso-bidi-font-family: Arial\">E\u2019 spettato quindi al direttore del Pronto soccorso di Sassari, Sergio Rassu, illustrare il funzionamento del macchinario.<\/SPAN><\/p>\n<p><SPAN style=\"FONT-FAMILY: 'Verdana', 'sans-serif'; mso-bidi-font-family: Arial\">La mostra rimarr\u00e0 aperta al pubblico fino al 16 settembre 2011 con i seguenti orari: dal marted\u00ec alla domenica dalle 16.30 alle 20 mentre il luned\u00ec rester\u00e0 chiusa. <\/SPAN><\/p>\n<p><SPAN style=\"FONT-FAMILY: 'Verdana', 'sans-serif'; mso-bidi-font-family: Arial\">Il 17 settembre, a partire dalle ore 17.30, nella sede della Fondazione si svolger\u00e0 l\u2019asta ufficiale di promozione e vendita delle opere.<\/SPAN><\/p>\n<p><SPAN style=\"FONT-FAMILY: 'Verdana', 'sans-serif'; mso-bidi-font-family: Arial\">&nbsp;<\/SPAN><\/p>\n<p><SPAN style=\"FONT-FAMILY: 'Verdana', 'sans-serif'; mso-bidi-font-family: Arial\">La serata \u00e8 stata aperta dalla performance musicale della band guidata da Mour Sow mentre il finale \u00e8 stato affidato alla cantante algherese Franca Masu.<\/SPAN><\/p>\n<p><SPAN style=\"FONT-FAMILY: 'Verdana', 'sans-serif'; mso-bidi-font-family: Arial\">Ecco l\u2019elenco degli artisti: Vid\u00e8o Anfossi, Francesco Becciu, Franco Bussu, Vittorio Calvi, Liliana Cano, Giuseppe Carta, Luigi Carta, Mariano Chelo, Salvatore Fara, Francesco Farina, Carmela Foddai, Giantore, Salvino Gaspa, Angelo Liberati, Lunas - Alina Dettori, Nicola Marotta, Manlio Masu, Marco Mattei, Valerio Mazzanti, Meloniski, Donatella Mineo, Primo Pantoli, Igino Panzino, Gavino Piana, Luigi Pillitu, Enrico Piras, Genesio Pistidda, Elio Pulli, Giovanni Sanna, Stefano Sanna, Sisinnio Usai, Giuseppe Uzzanu, Mario Zedda. A questa grande e importante rappresentazione sarda si aggiungono tre artisti molto legati alla nostra isola, Francesco Martani dall\u2019Emilia Romagna, Carlo Volpicella dall\u2019Abruzzo e Gaetano Licata dalla Sicilia. Red-com<\/SPAN><\/p>\n<p><SPAN style=\"FONT-FAMILY: 'Verdana', 'sans-serif'; mso-bidi-font-family: Arial\">&nbsp;<\/SPAN><\/p>\n","protected":false},"excerpt":{"rendered":"<p>A distanza di alcuni mesi una prima parte della scommessa \u00e8 vinta: sono state raccolte numerose opere d\u2019arte che verranno messe all\u2019asta per raccogliere fondi&#8230;<\/p>\n","protected":false},"author":2,"featured_media":0,"comment_status":"closed","ping_status":"closed","sticky":false,"template":"","format":"standard","meta":[],"categories":[49],"tags":[],"_links":{"self":[{"href":"https:\/\/www.cronacaonline.it\/index.php\/wp-json\/wp\/v2\/posts\/70013"}],"collection":[{"href":"https:\/\/www.cronacaonline.it\/index.php\/wp-json\/wp\/v2\/posts"}],"about":[{"href":"https:\/\/www.cronacaonline.it\/index.php\/wp-json\/wp\/v2\/types\/post"}],"author":[{"embeddable":true,"href":"https:\/\/www.cronacaonline.it\/index.php\/wp-json\/wp\/v2\/users\/2"}],"replies":[{"embeddable":true,"href":"https:\/\/www.cronacaonline.it\/index.php\/wp-json\/wp\/v2\/comments?post=70013"}],"version-history":[{"count":0,"href":"https:\/\/www.cronacaonline.it\/index.php\/wp-json\/wp\/v2\/posts\/70013\/revisions"}],"wp:attachment":[{"href":"https:\/\/www.cronacaonline.it\/index.php\/wp-json\/wp\/v2\/media?parent=70013"}],"wp:term":[{"taxonomy":"category","embeddable":true,"href":"https:\/\/www.cronacaonline.it\/index.php\/wp-json\/wp\/v2\/categories?post=70013"},{"taxonomy":"post_tag","embeddable":true,"href":"https:\/\/www.cronacaonline.it\/index.php\/wp-json\/wp\/v2\/tags?post=70013"}],"curies":[{"name":"wp","href":"https:\/\/api.w.org\/{rel}","templated":true}]}}