{"id":69992,"date":"2011-08-03T00:00:00","date_gmt":"2011-08-02T22:00:00","guid":{"rendered":"http:\/\/www.cronacaonline.it\/public\/content\/index.php\/2011\/08\/03\/incontro-confindustria-cgil-cisl-e-uil-sardegna-in-lavorazione-una-proposta-di-progetto-di-sviluppo-per-regione\/"},"modified":"2011-08-03T00:00:00","modified_gmt":"2011-08-02T22:00:00","slug":"incontro-confindustria-cgil-cisl-e-uil-sardegna-in-lavorazione-una-proposta-di-progetto-di-sviluppo-per-regione","status":"publish","type":"post","link":"https:\/\/www.cronacaonline.it\/index.php\/2011\/08\/03\/incontro-confindustria-cgil-cisl-e-uil-sardegna-in-lavorazione-una-proposta-di-progetto-di-sviluppo-per-regione\/","title":{"rendered":"Incontro Confindustria, Cgil, Cisl e Uil Sardegna \u2013 In lavorazione una proposta di progetto di sviluppo per regione."},"content":{"rendered":"<p><SPAN style=\"LINE-HEIGHT: 115%; FONT-FAMILY: 'Verdana', 'sans-serif'; FONT-SIZE: 11pt\">vertici di Confindustria Sardegna e Cgil, Cisl e Uil Sardegna si sono incontrati questa mattina per confrontarsi sulla situazione economica e politica a fronte del crescente senso di malessere di imprese e lavoratori verso l\u2019attuale situazione economica e politica.<\/SPAN><\/p>\n<p><SPAN style=\"LINE-HEIGHT: 115%; FONT-FAMILY: 'Verdana', 'sans-serif'; FONT-SIZE: 11pt\"><\/SPAN>&nbsp;<\/p>\n<p><SPAN style=\"LINE-HEIGHT: 115%; FONT-FAMILY: 'Verdana', 'sans-serif'; FONT-SIZE: 11pt\"><\/SPAN>&nbsp;<\/p>\n<p><SPAN style=\"LINE-HEIGHT: 115%; FONT-FAMILY: 'Verdana', 'sans-serif'; FONT-SIZE: 11pt\">\u201cLe Parti Sociali \u2013 si legge nella nota - hanno condiviso come il perdurare della crisi stia mettendo a dura prova la tenuta del sistema produttivo regionale gi\u00e0 provato da molti anni di politiche incoerenti e spesso inconsistenti, e da mancate riforme. Le vicende degli ultimi giorni non hanno fatto che aggravare il quadro complessivo Confindustria \u2013 Cgil, Cisl e Uil regionali hanno fortemente criticato il mancato riconoscimento dei trasferimenti nazionali e la non assegnazione dei fondi Fas, risolta solo in parte dalla tardiva riunione odierna del Cipe\u201d.<\/SPAN><\/p>\n<p><SPAN style=\"LINE-HEIGHT: 115%; FONT-FAMILY: 'Verdana', 'sans-serif'; FONT-SIZE: 11pt\">Al centro dell\u2019incontro anche le criticit\u00e0 sul fronte dei trasporti e della continuit\u00e0 territoriale merci e passeggeri. Confindustria e Cgil, Cisl e Uil, si sono dette preoccupate \u201cdi fronte ai ritardi della spendita delle risorse comunitarie e a politiche energetiche e di infrastrutturazione inconcludenti. Le misure anti crisi adottate anche a livello regionale si sono rivelate insufficienti, parziali e certo non in grado di incidere positivamente sulla ripresa in quanto non le si \u00e8 affiancate con interventi di riforma strutturale Il quadro che emerge \u00e8 sconfortante. Imprese e lavoratori stanno facendo la loro parte esprimendo vitalit\u00e0 e impegnandosi quotidianamente per dare il loro contributo ad una ripresa che sembra per\u00f2 lontana\u201d, ma si dicono delusi per quanto sta accadendo e convinti che vi siano responsabilit\u00e0 diffuse a livello regionale e nazionale per politiche pro crescita largamente insufficienti e carenti.<\/SPAN><\/p>\n<p><SPAN style=\"LINE-HEIGHT: 115%; FONT-FAMILY: 'Verdana', 'sans-serif'; FONT-SIZE: 11pt\">\u201cLe prospettive di tagli sul bilancio regionale per 800 milioni di euro configurano \u2013 hanno dichiarato - una situazione sarda che rischia di diventare insostenibile e ci\u00f2 richiede un intervento immediato. Confindustria e Cgil, Cisl, Uil regionali concordano che questo non possa essere fatto senza un Patto tra e con le parti sociali costruito per\u00f2 su basi totalmente diverse da quelle che sono state poste dalla politica\u201d. Ritengono infatti vi sia l\u2019esigenza di un sostanziale cambiamento nei comportamenti e nelle politiche, un \u201ccambio di passo\u201d e di atteggiamento. \u201cVi \u00e8 la necessit\u00e0 \u2013 hanno aggiunto - di creare una reale cesura tra le politiche finora programmate che si sono rivelate inadeguate, individuando poche cose da fare in grado di assicurare prospettive per il sistema produttivo regionale, il mantenimento e la creazione di nuova occupazione\u201d.<\/SPAN><\/p>\n<p><SPAN style=\"LINE-HEIGHT: 115%; FONT-FAMILY: 'Verdana', 'sans-serif'; FONT-SIZE: 11pt\">Confindustria \u2013 Cgil, Cisl e Uil regionali hanno pertanto concordato di lavorare insieme, coinvolgendo anche le altre parti sociali interessate, su una proposta di progetto di sviluppo per la nostra regione che sia il risultato della propria visione del futuro di questa regione. \u201cUn progetto \u2013 hanno concluso - che non sia il risultato di tavoli gestiti dalla Regione , ma sia il frutto del lavoro e della condivisione di tutte le Parti Sociali che verranno invitate a dare il loro fattivo contributo\u201d. Com.<\/SPAN><\/p>\n","protected":false},"excerpt":{"rendered":"<p>vertici di Confindustria Sardegna e Cgil, Cisl e Uil Sardegna si sono incontrati questa mattina per confrontarsi sulla situazione economica e politica a fronte del&#8230;<\/p>\n","protected":false},"author":2,"featured_media":0,"comment_status":"closed","ping_status":"closed","sticky":false,"template":"","format":"standard","meta":[],"categories":[49],"tags":[],"_links":{"self":[{"href":"https:\/\/www.cronacaonline.it\/index.php\/wp-json\/wp\/v2\/posts\/69992"}],"collection":[{"href":"https:\/\/www.cronacaonline.it\/index.php\/wp-json\/wp\/v2\/posts"}],"about":[{"href":"https:\/\/www.cronacaonline.it\/index.php\/wp-json\/wp\/v2\/types\/post"}],"author":[{"embeddable":true,"href":"https:\/\/www.cronacaonline.it\/index.php\/wp-json\/wp\/v2\/users\/2"}],"replies":[{"embeddable":true,"href":"https:\/\/www.cronacaonline.it\/index.php\/wp-json\/wp\/v2\/comments?post=69992"}],"version-history":[{"count":0,"href":"https:\/\/www.cronacaonline.it\/index.php\/wp-json\/wp\/v2\/posts\/69992\/revisions"}],"wp:attachment":[{"href":"https:\/\/www.cronacaonline.it\/index.php\/wp-json\/wp\/v2\/media?parent=69992"}],"wp:term":[{"taxonomy":"category","embeddable":true,"href":"https:\/\/www.cronacaonline.it\/index.php\/wp-json\/wp\/v2\/categories?post=69992"},{"taxonomy":"post_tag","embeddable":true,"href":"https:\/\/www.cronacaonline.it\/index.php\/wp-json\/wp\/v2\/tags?post=69992"}],"curies":[{"name":"wp","href":"https:\/\/api.w.org\/{rel}","templated":true}]}}