{"id":69982,"date":"2011-08-30T00:00:00","date_gmt":"2011-08-29T22:00:00","guid":{"rendered":"http:\/\/www.cronacaonline.it\/public\/content\/index.php\/2011\/08\/30\/industria-keller-nuovo-tavolo-politico-entro-primi-settembre-allargato-a-mise\/"},"modified":"2011-08-30T00:00:00","modified_gmt":"2011-08-29T22:00:00","slug":"industria-keller-nuovo-tavolo-politico-entro-primi-settembre-allargato-a-mise","status":"publish","type":"post","link":"https:\/\/www.cronacaonline.it\/index.php\/2011\/08\/30\/industria-keller-nuovo-tavolo-politico-entro-primi-settembre-allargato-a-mise\/","title":{"rendered":"Industria: Keller, nuovo tavolo politico entro primi settembre allargato a mise"},"content":{"rendered":"<p><SPAN class=apple-style-span><SPAN style=\"LINE-HEIGHT: 115%; FONT-FAMILY: 'Verdana', 'sans-serif'; BACKGROUND: white; COLOR: black; FONT-SIZE: 10pt\">Sar\u00e0 riconvocato entro la prima settimana di settembre il tavolo politico sulla vertenza Keller, allargato alla presenza del Ministero dello Sviluppo Economico. E\u2019 il risultato raggiunto in serata dagli assessori dell\u2019Industria e dei Trasporti, Alessandra Zedda e Christian Solinas,<\/SPAN><\/SPAN><SPAN class=apple-converted-space><SPAN style=\"LINE-HEIGHT: 115%; FONT-FAMILY: 'Verdana', 'sans-serif'; BACKGROUND: white; COLOR: black; FONT-SIZE: 10pt\">&nbsp;<\/SPAN><\/SPAN><SPAN class=apple-style-span><SPAN style=\"LINE-HEIGHT: 115%; FONT-FAMILY: 'Verdana', 'sans-serif'; BACKGROUND: white; COLOR: black; FONT-SIZE: 10pt\">&nbsp;che hanno partecipato al vertice romano, nella sede Ministero delle Infrastrutture e dei Trasporti, con i rappresentanti della Keller spa e Trenitalia Spa. All\u2019incontro,<\/SPAN><\/SPAN><SPAN class=apple-converted-space><SPAN style=\"LINE-HEIGHT: 115%; FONT-FAMILY: 'Verdana', 'sans-serif'; BACKGROUND: white; COLOR: black; FONT-SIZE: 10pt\">&nbsp;<\/SPAN><\/SPAN><SPAN class=apple-style-span><SPAN style=\"LINE-HEIGHT: 115%; FONT-FAMILY: 'Verdana', 'sans-serif'; BACKGROUND: white; COLOR: black; FONT-SIZE: 10pt\">&nbsp;sollecitato dalla Regione, erano presenti anche funzionari della SFIRS, il consigliere regionale Sisinnio Piras amministratori Provinciali e Comunali del territorio. <\/SPAN><\/SPAN><\/p>\n<p><SPAN class=apple-style-span><SPAN style=\"LINE-HEIGHT: 115%; FONT-FAMILY: 'Verdana', 'sans-serif'; BACKGROUND: white; COLOR: black; FONT-SIZE: 10pt\">I due esponenti della Giunta hanno sollecitato una&nbsp;soluzione politica della vicenda in tempi rapidi, riscontrando positivamente la riapertura del dialogo tra l\u2019azienda statale e la Keller. In particolare, si \u00e8 registrata la disponibilit\u00e0 di Trenitalia a rivedere gli spazi di trattativa con l\u2019azienda di Villacidro, per valutare la possibilit\u00e0 di definire con certezza l\u2019ammontare delle penali e di salvare la fondamentale commessa da 16 milioni di euro per gli elettrotreni. A tal fine, \u00e8 gi\u00e0 stato convocato un apposito tavolo tecnico tra Trenitalia e Keller che si terr\u00e0 mercoled\u00ec prossimo 31 agosto. <\/SPAN><\/SPAN><\/p>\n<p><SPAN class=apple-style-span><SPAN style=\"LINE-HEIGHT: 115%; FONT-FAMILY: 'Verdana', 'sans-serif'; BACKGROUND: white; COLOR: black; FONT-SIZE: 10pt\">\u201cIntanto, dopo il via libera, venerd\u00ec scorso da Bruxelles sul piano industriale di Keller, che conferma peraltro quanto gi\u00e0 approvato dal Ministero dello Sviluppo Economico lo scorso mese di gennaio \u2013 hanno sottolineato i due assessori Zedda e Solinas - la Regione auspica che non vi sia discrasia tra il comportamento del MiSE nel supportare a pieno la ripresa produttiva dell'azienda e quello di Trenitalia che, con le ultime azioni intraprese, rischia di pregiudicare quanto finora fatto per la soluzione di questa problematica\u201d.<\/SPAN><FONT size=3><FONT face=Calibri> Red<\/FONT><\/FONT><\/SPAN><\/SPAN><\/p>\n<p><\/SPAN>&nbsp;<\/p>\n","protected":false},"excerpt":{"rendered":"<p>Sar\u00e0 riconvocato entro la prima settimana di settembre il tavolo politico sulla vertenza Keller, allargato alla presenza del Ministero dello Sviluppo Economico. E\u2019 il risultato&#8230;<\/p>\n","protected":false},"author":2,"featured_media":10263,"comment_status":"closed","ping_status":"closed","sticky":false,"template":"","format":"standard","meta":[],"categories":[49],"tags":[],"_links":{"self":[{"href":"https:\/\/www.cronacaonline.it\/index.php\/wp-json\/wp\/v2\/posts\/69982"}],"collection":[{"href":"https:\/\/www.cronacaonline.it\/index.php\/wp-json\/wp\/v2\/posts"}],"about":[{"href":"https:\/\/www.cronacaonline.it\/index.php\/wp-json\/wp\/v2\/types\/post"}],"author":[{"embeddable":true,"href":"https:\/\/www.cronacaonline.it\/index.php\/wp-json\/wp\/v2\/users\/2"}],"replies":[{"embeddable":true,"href":"https:\/\/www.cronacaonline.it\/index.php\/wp-json\/wp\/v2\/comments?post=69982"}],"version-history":[{"count":0,"href":"https:\/\/www.cronacaonline.it\/index.php\/wp-json\/wp\/v2\/posts\/69982\/revisions"}],"wp:featuredmedia":[{"embeddable":true,"href":"https:\/\/www.cronacaonline.it\/index.php\/wp-json\/"}],"wp:attachment":[{"href":"https:\/\/www.cronacaonline.it\/index.php\/wp-json\/wp\/v2\/media?parent=69982"}],"wp:term":[{"taxonomy":"category","embeddable":true,"href":"https:\/\/www.cronacaonline.it\/index.php\/wp-json\/wp\/v2\/categories?post=69982"},{"taxonomy":"post_tag","embeddable":true,"href":"https:\/\/www.cronacaonline.it\/index.php\/wp-json\/wp\/v2\/tags?post=69982"}],"curies":[{"name":"wp","href":"https:\/\/api.w.org\/{rel}","templated":true}]}}