{"id":69972,"date":"2011-08-16T00:00:00","date_gmt":"2011-08-15T22:00:00","guid":{"rendered":"http:\/\/www.cronacaonline.it\/public\/content\/index.php\/2011\/08\/16\/pregiudicato-cagliaritano-in-carcere-per-tentato-omicidio\/"},"modified":"2011-08-16T00:00:00","modified_gmt":"2011-08-15T22:00:00","slug":"pregiudicato-cagliaritano-in-carcere-per-tentato-omicidio","status":"publish","type":"post","link":"https:\/\/www.cronacaonline.it\/index.php\/2011\/08\/16\/pregiudicato-cagliaritano-in-carcere-per-tentato-omicidio\/","title":{"rendered":"Pregiudicato cagliaritano in carcere per tentato omicidio"},"content":{"rendered":"<p><SPAN style=\"LINE-HEIGHT: 115%; FONT-FAMILY: 'Verdana', 'sans-serif'; BACKGROUND: white; FONT-SIZE: 12pt; mso-fareast-language: IT\">Questa mattina alle ore 01:30 circa, in Cagliari, i carabinieri della Ctazione di Ca-Stampace hanno arrestato Francesco Camedda, 59 anni, di Cagliari, per il reato di&nbsp;<I>tentato omicidio<\/I>. <\/SPAN><\/p>\n<p><SPAN style=\"LINE-HEIGHT: 115%; FONT-FAMILY: 'Verdana', 'sans-serif'; BACKGROUND: white; FONT-SIZE: 12pt; mso-fareast-language: IT\">Il pregiudicato, alle ore 18:00 del giorno precedente, in Cagliari, al culmine di una lite conseguente alla recente separazione, ha aggredito l'ex compagna, I.L., 46enne, della citt\u00e0 ma residente a Sestu (CA), ferendola con due coltellate all'addome e al torace<SPAN style=\"mso-spacerun: yes\">&nbsp; <\/SPAN>e fuggendo poi subito dopo il fatto.<\/SPAN><\/p>\n<p><SPAN style=\"LINE-HEIGHT: 115%; FONT-FAMILY: 'Verdana', 'sans-serif'; BACKGROUND: white; FONT-SIZE: 12pt; mso-fareast-language: IT\">La donna subito dopo il ferimento \u00e8 stata soccorsa e ricoverata presso l'spedale \"Brotzu\", dove \u00e8 stata curata e poi giudicata guaribile in 20 giorni. <\/SPAN><\/p>\n<p><SPAN style=\"LINE-HEIGHT: 115%; FONT-FAMILY: 'Verdana', 'sans-serif'; BACKGROUND: white; FONT-SIZE: 12pt; mso-fareast-language: IT\">Nel frattempo l'autore del tentato omicidio, &nbsp;le cui ricerche sono state diramate dalla questura di Cagliari che procedeva alle prime indagini, dopo aver interloquito con gli operatori della &nbsp;centrale operativa del comando provinciale di Cagliari, l'uomo \u00e8 si convinto e si \u00e8 presentato presso la stazione di Ca-Stampace dove \u00e8 stato dichiarato in arresto. <\/SPAN><\/p>\n<p><SPAN style=\"LINE-HEIGHT: 115%; FONT-FAMILY: 'Verdana', 'sans-serif'; BACKGROUND: white; FONT-SIZE: 12pt; mso-fareast-language: IT\">L'arma del delitto, un coltello a serramanico, \u00e8 stato trovato e sequestrata dagli stessi militari dell'Arma.<\/SPAN><\/p>\n<p><SPAN style=\"LINE-HEIGHT: 115%; FONT-FAMILY: 'Verdana', 'sans-serif'; BACKGROUND: white; FONT-SIZE: 12pt; mso-fareast-language: IT\">L'arrestato, dopo le formalit\u00e0 di rito, \u00e8 stato portato e rinchiuso presso il carcere di&nbsp;\"B<I>uoncammino\"<\/I>, a disposizione dell'A.G.<\/SPAN><SPAN style=\"LINE-HEIGHT: 115%; FONT-FAMILY: 'Verdana', 'sans-serif'; FONT-SIZE: 12pt; mso-bidi-font-family: Tahoma\"><\/SPAN><\/p>\n","protected":false},"excerpt":{"rendered":"<p>Questa mattina alle ore 01:30 circa, in Cagliari, i carabinieri della Ctazione di Ca-Stampace hanno arrestato Francesco Camedda, 59 anni, di Cagliari, per il reato&#8230;<\/p>\n","protected":false},"author":2,"featured_media":10254,"comment_status":"closed","ping_status":"closed","sticky":false,"template":"","format":"standard","meta":[],"categories":[49],"tags":[],"_links":{"self":[{"href":"https:\/\/www.cronacaonline.it\/index.php\/wp-json\/wp\/v2\/posts\/69972"}],"collection":[{"href":"https:\/\/www.cronacaonline.it\/index.php\/wp-json\/wp\/v2\/posts"}],"about":[{"href":"https:\/\/www.cronacaonline.it\/index.php\/wp-json\/wp\/v2\/types\/post"}],"author":[{"embeddable":true,"href":"https:\/\/www.cronacaonline.it\/index.php\/wp-json\/wp\/v2\/users\/2"}],"replies":[{"embeddable":true,"href":"https:\/\/www.cronacaonline.it\/index.php\/wp-json\/wp\/v2\/comments?post=69972"}],"version-history":[{"count":0,"href":"https:\/\/www.cronacaonline.it\/index.php\/wp-json\/wp\/v2\/posts\/69972\/revisions"}],"wp:featuredmedia":[{"embeddable":true,"href":"https:\/\/www.cronacaonline.it\/index.php\/wp-json\/"}],"wp:attachment":[{"href":"https:\/\/www.cronacaonline.it\/index.php\/wp-json\/wp\/v2\/media?parent=69972"}],"wp:term":[{"taxonomy":"category","embeddable":true,"href":"https:\/\/www.cronacaonline.it\/index.php\/wp-json\/wp\/v2\/categories?post=69972"},{"taxonomy":"post_tag","embeddable":true,"href":"https:\/\/www.cronacaonline.it\/index.php\/wp-json\/wp\/v2\/tags?post=69972"}],"curies":[{"name":"wp","href":"https:\/\/api.w.org\/{rel}","templated":true}]}}