{"id":69926,"date":"2011-07-26T00:00:00","date_gmt":"2011-07-25T22:00:00","guid":{"rendered":"http:\/\/www.cronacaonline.it\/public\/content\/index.php\/2011\/07\/26\/caso-tirrenia-sanna-psdaz-cappellacci-venga-subito-in-aula-a-riferire\/"},"modified":"2011-07-26T00:00:00","modified_gmt":"2011-07-25T22:00:00","slug":"caso-tirrenia-sanna-psdaz-cappellacci-venga-subito-in-aula-a-riferire","status":"publish","type":"post","link":"https:\/\/www.cronacaonline.it\/index.php\/2011\/07\/26\/caso-tirrenia-sanna-psdaz-cappellacci-venga-subito-in-aula-a-riferire\/","title":{"rendered":"Caso Tirrenia: Sanna (Psd&#8217;Az), Cappellacci venga subito in aula a riferire"},"content":{"rendered":"<p><FONT face=Calibri>In avvio di seduta, il capogruppo del Psd'Az Giacomo Sanna ha chiesto che il presidente della Giunta Ugo Cappellacci riferisca in aula sulla cessione della compagnia marittima Tirrenia. <\/FONT><\/p>\n<p><FONT face=Calibri>\"La vicenda non pu\u00f2 essere qualcosa di insignificante. E' un argomento di vitale importanza - ha detto l'esponente sardista - Non vedo perch\u00e8 quest'Aula, cos\u00ec come \u00e8 successo altre volte, non possa dare un ulteriore contributo e conoscere quanto accadato e quanto la Regione potr\u00e0 fare\". <\/FONT><\/p>\n<p><FONT face=Calibri>Sanna ha sollecitato l'intervento del governatore gi\u00e0 questo pomeriggio o, al massimo,<\/FONT><SPAN class=apple-converted-space><SPAN style=\"LINE-HEIGHT: 115%; FONT-FAMILY: 'Verdana', 'sans-serif'; COLOR: black; FONT-SIZE: 8.5pt\">&nbsp;<\/SPAN><\/SPAN><A href=\"javascript:mails_addtocal(2,%22domani%22);\"><SPAN style=\"LINE-HEIGHT: 115%; FONT-FAMILY: 'Verdana', 'sans-serif'; COLOR: #ff8000; FONT-SIZE: 8.5pt\">domani<\/SPAN><\/A><SPAN class=apple-converted-space><SPAN style=\"LINE-HEIGHT: 115%; FONT-FAMILY: 'Verdana', 'sans-serif'; COLOR: black; FONT-SIZE: 8.5pt\">&nbsp;<\/SPAN><\/SPAN><FONT face=Calibri>mattina.<\/FONT><SPAN class=apple-converted-space><SPAN style=\"LINE-HEIGHT: 115%; FONT-FAMILY: 'Verdana', 'sans-serif'; COLOR: black; FONT-SIZE: 8.5pt\">&nbsp;Red<\/SPAN><\/SPAN><\/p>\n","protected":false},"excerpt":{"rendered":"<p>In avvio di seduta, il capogruppo del Psd&#8217;Az Giacomo Sanna ha chiesto che il presidente della Giunta Ugo Cappellacci riferisca in aula sulla cessione della&#8230;<\/p>\n","protected":false},"author":2,"featured_media":0,"comment_status":"closed","ping_status":"closed","sticky":false,"template":"","format":"standard","meta":[],"categories":[49],"tags":[],"_links":{"self":[{"href":"https:\/\/www.cronacaonline.it\/index.php\/wp-json\/wp\/v2\/posts\/69926"}],"collection":[{"href":"https:\/\/www.cronacaonline.it\/index.php\/wp-json\/wp\/v2\/posts"}],"about":[{"href":"https:\/\/www.cronacaonline.it\/index.php\/wp-json\/wp\/v2\/types\/post"}],"author":[{"embeddable":true,"href":"https:\/\/www.cronacaonline.it\/index.php\/wp-json\/wp\/v2\/users\/2"}],"replies":[{"embeddable":true,"href":"https:\/\/www.cronacaonline.it\/index.php\/wp-json\/wp\/v2\/comments?post=69926"}],"version-history":[{"count":0,"href":"https:\/\/www.cronacaonline.it\/index.php\/wp-json\/wp\/v2\/posts\/69926\/revisions"}],"wp:attachment":[{"href":"https:\/\/www.cronacaonline.it\/index.php\/wp-json\/wp\/v2\/media?parent=69926"}],"wp:term":[{"taxonomy":"category","embeddable":true,"href":"https:\/\/www.cronacaonline.it\/index.php\/wp-json\/wp\/v2\/categories?post=69926"},{"taxonomy":"post_tag","embeddable":true,"href":"https:\/\/www.cronacaonline.it\/index.php\/wp-json\/wp\/v2\/tags?post=69926"}],"curies":[{"name":"wp","href":"https:\/\/api.w.org\/{rel}","templated":true}]}}