{"id":69874,"date":"2011-07-29T00:00:00","date_gmt":"2011-07-28T22:00:00","guid":{"rendered":"http:\/\/www.cronacaonline.it\/public\/content\/index.php\/2011\/07\/29\/industria-ministero-dello-sviluppo-ha-inoltrato-alla-ue-il-progetto-ccs-sulcis-cherchi-passo-fondamentale-che-seguiremo-con-attenzione\/"},"modified":"2011-07-29T00:00:00","modified_gmt":"2011-07-28T22:00:00","slug":"industria-ministero-dello-sviluppo-ha-inoltrato-alla-ue-il-progetto-ccs-sulcis-cherchi-passo-fondamentale-che-seguiremo-con-attenzione","status":"publish","type":"post","link":"https:\/\/www.cronacaonline.it\/index.php\/2011\/07\/29\/industria-ministero-dello-sviluppo-ha-inoltrato-alla-ue-il-progetto-ccs-sulcis-cherchi-passo-fondamentale-che-seguiremo-con-attenzione\/","title":{"rendered":"Industria: Ministero dello Sviluppo ha inoltrato alla UE il Progetto CCS Sulcis. Cherchi, Passo fondamentale che seguiremo con attenzione"},"content":{"rendered":"<p><FONT face=\"\"><SPAN style=\"mso-fareast-language: IT\">Il dipartimento per l\u2019Energia del Ministero dello Sviluppo economico ha trasmesso all\u2019assessorato regionale dell\u2019Industria la documentazione che attesta l\u2019ufficialit\u00e0 dell\u2019avvenuta notifica alla Commissione europea del Progetto Integrato CCS (carbon capture and storage) Sulcis.<\/SPAN><SPAN style=\"LINE-HEIGHT: 115%; FONT-FAMILY: 'Times New Roman', 'serif'; FONT-SIZE: 12pt; mso-fareast-language: IT\"><\/SPAN><\/FONT><\/p>\n<p><FONT face=\"\"><SPAN style=\"mso-fareast-language: IT\">Su sollecitazione dell\u2019assessore Oscar Cherchi, gli uffici del Ministero hanno comunicato che con protocollo n. 6102 \u00e8 stato inviato a Bruxelles il progetto sul quale ora la Commissione europea dovr\u00e0 rilasciare il proprio parere: \u201cSi tratta di un passo fondamentale \u2013 commenta l\u2019Assessore \u2013 verso l\u2019affidamento della Concessione Integrata della miniera di Nuraxi Figus. L\u2019auspicata realizzazione di questo rilevante piano da un miliardo e mezzo di euro servir\u00e0 a dare nuova linfa all\u2019economia del Sulcis tramite la creazione di numerosi posti di lavoro legati alla realizzazione della Centrale di produzione di energia elettrica dal carbone del Sulcis e dello stoccaggio nel sottosuolo della CO2 prodotta. Un progetto importante sia per l\u2019alto contenuto tecnologico, sia anche per l\u2019innovazione che questo programma rappresenta. La sua realizzazione infatti potr\u00e0 essere presa a modello in altre zone del mondo per produrre energia dal carbone con caratteristiche simili a quello del Sulcis, di cui sono ricchi molti paesi europei ed extraeuropei\u201d.<\/SPAN><SPAN style=\"LINE-HEIGHT: 115%; FONT-FAMILY: 'Times New Roman', 'serif'; FONT-SIZE: 12pt; mso-fareast-language: IT\"><\/SPAN><\/FONT><\/p>\n<p><SPAN style=\"mso-fareast-language: IT\"><FONT face=\"\">L\u2019assessorato dell\u2019Industria comunica inoltre che, in attesa di un pronunciamento della Commissione che dovr\u00e0 esaminare il progetto, \u00e8 gi\u00e0 stata convocata una riunione con Sfirs, Sotacarbo e Carbosulcis. L\u2019incontro \u00e8 stato programmato per proseguire nelle attivit\u00e0 necessarie alla pubblicazione del bando per l\u2019affidamento della Concessione Integrata e l\u2019espletamento della relativa gara. Red-com<\/FONT><\/SPAN><\/p>\n","protected":false},"excerpt":{"rendered":"<p>Il dipartimento per l\u2019Energia del Ministero dello Sviluppo economico ha trasmesso all\u2019assessorato regionale dell\u2019Industria la documentazione che attesta l\u2019ufficialit\u00e0 dell\u2019avvenuta notifica alla Commissione europea del&#8230;<\/p>\n","protected":false},"author":2,"featured_media":0,"comment_status":"closed","ping_status":"closed","sticky":false,"template":"","format":"standard","meta":[],"categories":[49],"tags":[],"_links":{"self":[{"href":"https:\/\/www.cronacaonline.it\/index.php\/wp-json\/wp\/v2\/posts\/69874"}],"collection":[{"href":"https:\/\/www.cronacaonline.it\/index.php\/wp-json\/wp\/v2\/posts"}],"about":[{"href":"https:\/\/www.cronacaonline.it\/index.php\/wp-json\/wp\/v2\/types\/post"}],"author":[{"embeddable":true,"href":"https:\/\/www.cronacaonline.it\/index.php\/wp-json\/wp\/v2\/users\/2"}],"replies":[{"embeddable":true,"href":"https:\/\/www.cronacaonline.it\/index.php\/wp-json\/wp\/v2\/comments?post=69874"}],"version-history":[{"count":0,"href":"https:\/\/www.cronacaonline.it\/index.php\/wp-json\/wp\/v2\/posts\/69874\/revisions"}],"wp:attachment":[{"href":"https:\/\/www.cronacaonline.it\/index.php\/wp-json\/wp\/v2\/media?parent=69874"}],"wp:term":[{"taxonomy":"category","embeddable":true,"href":"https:\/\/www.cronacaonline.it\/index.php\/wp-json\/wp\/v2\/categories?post=69874"},{"taxonomy":"post_tag","embeddable":true,"href":"https:\/\/www.cronacaonline.it\/index.php\/wp-json\/wp\/v2\/tags?post=69874"}],"curies":[{"name":"wp","href":"https:\/\/api.w.org\/{rel}","templated":true}]}}