{"id":69864,"date":"2011-07-29T00:00:00","date_gmt":"2011-07-28T22:00:00","guid":{"rendered":"http:\/\/www.cronacaonline.it\/public\/content\/index.php\/2011\/07\/29\/lavori-consiglio-regionale-sardo-7-marco-meloni-si-allunita-ma-ci-si-assuma-la-responsabilita-degli-errori-fatti\/"},"modified":"2011-07-29T00:00:00","modified_gmt":"2011-07-28T22:00:00","slug":"lavori-consiglio-regionale-sardo-7-marco-meloni-si-allunita-ma-ci-si-assuma-la-responsabilita-degli-errori-fatti","status":"publish","type":"post","link":"https:\/\/www.cronacaonline.it\/index.php\/2011\/07\/29\/lavori-consiglio-regionale-sardo-7-marco-meloni-si-allunita-ma-ci-si-assuma-la-responsabilita-degli-errori-fatti\/","title":{"rendered":"Lavori Consiglio regionale Sardo (7): Marco Meloni: &#8220;S\u00ec all&#8217;unit\u00e0, ma ci si assuma la responsabilit\u00e0 degli errori fatti&#8221;."},"content":{"rendered":"<p>Nel corso della seduta del Consiglio regionale, Renato Soru (Pd) ha richiamato le parole del presidente della Repubblica Giorgio Napolitano che ha fatto appello alle forze politiche perch\u00e9 diano una svolta e ricompongano le divisioni. <\/p>\n<p>Per Soru \"\u00e8 gravemente a rischio il futuro della Sardegna\". L'ex presidente della Regione ha esortato la presidente Lombardo a chiedere di incontrare il presidente della Repubblica per fargli capire cosa sta succedendo nell'Isola e per capire da lui cosa si deve fare.<\/p>\n<p>Secondo Marco Meloni, Pd, la questione di fondo \u00e8 la natura vera di cosa \u00e8 la Sardegna. \"Abbiamo fatto un patto con lo Stato nel 2006 e dobbiamo rispettarlo noi e farlo rispettare allo Stato\". Meloni ha detto s\u00ec all'unit\u00e0 \"ma chiarendo le responsabilit\u00e0 di ognuno\". \"I governi non sono stati tutti uguali nella condotta nei confronti della Sardegna. La grande manifestazione del popolo sardo non servir\u00e0 a nulla, non c'\u00e8 nelle parole di Cappellacci n\u00e9 la presa d'atto della propria responsabilit\u00e0, n\u00e9 strade percorribili per la soluzione della situazione\".<\/p>\n<p>Autocritico l'intervento di Gian Valerio Sanna (Pd): \"Per parlare di entrate a livello nazionale dobbiamo farlo avendo le carte in regola. Siamo diventati impresentabili sul terreno della nostra autonomia\". Per Sanna \u00e8 necessario aprire \"immediatamente un conflitto con lo Stato sulla base dell'articolo 8 dello Statuto. E' ora di riscoprire l'autonomia dei fatti e del coraggio\".<\/p>\n<p>Per i Riformatori Attilio Dedoni ha ricondotto la questione alla grave crisi economica che sta attraversando tutto il Paese in questo momento e ha sostenuto la necessit\u00e0 di \"andare a protestare fermamente a Roma\".<\/p>\n<p>Per Giampaolo Diana, vice capogruppo del Pd, \"si tratta ormai dell'epilogo. Il governo regionale \u00e8 incapace di reagire alle vessazioni del governo nazionale\". Il fallimento del rapporto tra il governo e la giunta regionale \u00e8 ormai chiaro per Diana, \"nessuno si tirer\u00e0 indietro di fronte a questa situazione\", ha affermato Diana chiedendo al presidente della Regione per\u00f2 quali sono i presupposti e gli obiettivi della mobilitazione straordinaria invocata. \"Dobbiamo rivolgerci direttamente al presidente della Repubblica\". Red.<\/p>\n","protected":false},"excerpt":{"rendered":"<p>Nel corso della seduta del Consiglio regionale, Renato Soru (Pd) ha richiamato le parole del presidente della Repubblica Giorgio Napolitano che ha fatto appello alle&#8230;<\/p>\n","protected":false},"author":2,"featured_media":0,"comment_status":"closed","ping_status":"closed","sticky":false,"template":"","format":"standard","meta":[],"categories":[49],"tags":[],"_links":{"self":[{"href":"https:\/\/www.cronacaonline.it\/index.php\/wp-json\/wp\/v2\/posts\/69864"}],"collection":[{"href":"https:\/\/www.cronacaonline.it\/index.php\/wp-json\/wp\/v2\/posts"}],"about":[{"href":"https:\/\/www.cronacaonline.it\/index.php\/wp-json\/wp\/v2\/types\/post"}],"author":[{"embeddable":true,"href":"https:\/\/www.cronacaonline.it\/index.php\/wp-json\/wp\/v2\/users\/2"}],"replies":[{"embeddable":true,"href":"https:\/\/www.cronacaonline.it\/index.php\/wp-json\/wp\/v2\/comments?post=69864"}],"version-history":[{"count":0,"href":"https:\/\/www.cronacaonline.it\/index.php\/wp-json\/wp\/v2\/posts\/69864\/revisions"}],"wp:attachment":[{"href":"https:\/\/www.cronacaonline.it\/index.php\/wp-json\/wp\/v2\/media?parent=69864"}],"wp:term":[{"taxonomy":"category","embeddable":true,"href":"https:\/\/www.cronacaonline.it\/index.php\/wp-json\/wp\/v2\/categories?post=69864"},{"taxonomy":"post_tag","embeddable":true,"href":"https:\/\/www.cronacaonline.it\/index.php\/wp-json\/wp\/v2\/tags?post=69864"}],"curies":[{"name":"wp","href":"https:\/\/api.w.org\/{rel}","templated":true}]}}