{"id":69819,"date":"2011-07-31T00:00:00","date_gmt":"2011-07-30T22:00:00","guid":{"rendered":"http:\/\/www.cronacaonline.it\/public\/content\/index.php\/2011\/07\/31\/convocata-conferenza-provinciale-sanitaria-e-socio-sanitaria\/"},"modified":"2011-07-31T00:00:00","modified_gmt":"2011-07-30T22:00:00","slug":"convocata-conferenza-provinciale-sanitaria-e-socio-sanitaria","status":"publish","type":"post","link":"https:\/\/www.cronacaonline.it\/index.php\/2011\/07\/31\/convocata-conferenza-provinciale-sanitaria-e-socio-sanitaria\/","title":{"rendered":"Convocata Conferenza Provinciale Sanitaria e Socio-Sanitaria"},"content":{"rendered":"<p><SPAN style=\"mso-fareast-language: IT\"><FONT face=\"\">Il Presidente della Provincia di Nuoro, Roberto Deriu, ha convocato&nbsp;i Sindaci della Provincia di Nuoro e il Direttore Generale della Asl n. 3, Antonio Maria Soru per&nbsp;la Conferenza Provinciale Sanitaria e Socio-Sanitaria della ASL che si terr\u00e0 gioved\u00ec 4 Agosto 2011, alle 10.00, nella Sala Consiliare del Comune di Sorgono. Al centro del dibattito sar\u00e0 l\u2019esame della situazione dell'Ospedale San Camillo di Sorgono e dell'offerta generale dei servizi erogati&nbsp;dall\u2019ASL N. 3 nel territorio del Mandrolisai.&nbsp;<\/FONT><\/SPAN><\/p>\n<p><SPAN style=\"mso-fareast-language: IT\"><FONT face=\"\">\"Il Mandrolisai non pu\u00f2 essere abbandonato. Mi appello alla sensibilit\u00e0 politica e istituzionale di tutti i Consiglieri Regionali che rappresentano il nostro territorio, a prescindere dal colore politico di appartenenza,&nbsp; affinch\u00e8 siano tutti presenti all'incontro che si terr\u00e0 a Sorgono la prossima settimana. A sollecitare la partecipazione unitaria di tutti \u00e8 il Presidente della Provincia di Nuoro, Roberto Deriu che ha convocato l'incontro per discutere della situazione e delle problematiche nel Mandrolisai&nbsp; -&nbsp;La battaglia che stiamo portando avanti a sostegno dei paesi della Barbagia Mandrolisai, non solo per quanto riguarda gli aspetti legati alla sanit\u00e0, non si pu\u00f2 fermare, nonostante si avvicini il periodo di ferie. E' pertanto importante e fondamentale, in questo momento di grande difficolt\u00e0, che tutti insieme e in modo condiviso poniamo al centro della nostra attenzione e delle nostre attivit\u00e0 i problemi di un territorio che, senza il nostro impegno rischia di essere travolto\".&nbsp;&nbsp;Red<\/FONT><\/SPAN><\/p>\n","protected":false},"excerpt":{"rendered":"<p>Il Presidente della Provincia di Nuoro, Roberto Deriu, ha convocato&nbsp;i Sindaci della Provincia di Nuoro e il Direttore Generale della Asl n. 3, Antonio Maria&#8230;<\/p>\n","protected":false},"author":2,"featured_media":0,"comment_status":"closed","ping_status":"closed","sticky":false,"template":"","format":"standard","meta":[],"categories":[49],"tags":[],"_links":{"self":[{"href":"https:\/\/www.cronacaonline.it\/index.php\/wp-json\/wp\/v2\/posts\/69819"}],"collection":[{"href":"https:\/\/www.cronacaonline.it\/index.php\/wp-json\/wp\/v2\/posts"}],"about":[{"href":"https:\/\/www.cronacaonline.it\/index.php\/wp-json\/wp\/v2\/types\/post"}],"author":[{"embeddable":true,"href":"https:\/\/www.cronacaonline.it\/index.php\/wp-json\/wp\/v2\/users\/2"}],"replies":[{"embeddable":true,"href":"https:\/\/www.cronacaonline.it\/index.php\/wp-json\/wp\/v2\/comments?post=69819"}],"version-history":[{"count":0,"href":"https:\/\/www.cronacaonline.it\/index.php\/wp-json\/wp\/v2\/posts\/69819\/revisions"}],"wp:attachment":[{"href":"https:\/\/www.cronacaonline.it\/index.php\/wp-json\/wp\/v2\/media?parent=69819"}],"wp:term":[{"taxonomy":"category","embeddable":true,"href":"https:\/\/www.cronacaonline.it\/index.php\/wp-json\/wp\/v2\/categories?post=69819"},{"taxonomy":"post_tag","embeddable":true,"href":"https:\/\/www.cronacaonline.it\/index.php\/wp-json\/wp\/v2\/tags?post=69819"}],"curies":[{"name":"wp","href":"https:\/\/api.w.org\/{rel}","templated":true}]}}