{"id":69804,"date":"2011-07-29T00:00:00","date_gmt":"2011-07-28T22:00:00","guid":{"rendered":"http:\/\/www.cronacaonline.it\/public\/content\/index.php\/2011\/07\/29\/corona-pdci-invitiamo-il-presidente-cappellacci-a-lasciare-al-piu-presto-la-guida-della-regione\/"},"modified":"2011-07-29T00:00:00","modified_gmt":"2011-07-28T22:00:00","slug":"corona-pdci-invitiamo-il-presidente-cappellacci-a-lasciare-al-piu-presto-la-guida-della-regione","status":"publish","type":"post","link":"https:\/\/www.cronacaonline.it\/index.php\/2011\/07\/29\/corona-pdci-invitiamo-il-presidente-cappellacci-a-lasciare-al-piu-presto-la-guida-della-regione\/","title":{"rendered":"Corona (PdCI): &#8220;Invitiamo il Presidente Cappellacci a lasciare al pi\u00f9 presto la guida della Regione&#8221;."},"content":{"rendered":"<p>Alessandro Corona, Coordinatore Regionale PdCI-Federazione della Sinistra Sardegna, in relazione alle dichiarazioni rilasciate dal Presidente della Regione, ha affermato: \"Apprendiamo che il Sig. Cappellacci avrebbe manifestato la volont\u00e0 di restituire la tessera del Popolo della Libert\u00e0, a causa del mancato rispetto dei diritti dei sardi\". <\/p>\n<p>\"Appare alquanto preoccupante - ha osservato Corona - che il governatore della Sardegna si sia reso conto, con tutto questo ritardo, di come il Governo nazionale stia maltrattando i sardi e la Sardegna con costante puntualit\u00e0. Ci stupisce ancora di pi\u00f9, per\u00f2, che lui non si renda conto di come sta portando alla rovina la Sardegna, e di come il centro-destra isolano si sia dimostrato incapace di governare la nostra isola. Prendiamo atto che Cappellacci lascer\u00e0 per orgoglio il Pdl, e lo invitiamo, a trovare altrettanto orgoglio, ma sopratutto buon senso, per lasciare al pi\u00f9 presto la guida della Regione e dare finalmente la parola alle elezioni e ai sardi\". Red.<\/p>\n","protected":false},"excerpt":{"rendered":"<p>Alessandro Corona, Coordinatore Regionale PdCI-Federazione della Sinistra Sardegna, in relazione alle dichiarazioni rilasciate dal Presidente della Regione, ha affermato: &#8220;Apprendiamo che il Sig. Cappellacci avrebbe&#8230;<\/p>\n","protected":false},"author":2,"featured_media":0,"comment_status":"closed","ping_status":"closed","sticky":false,"template":"","format":"standard","meta":[],"categories":[49],"tags":[],"_links":{"self":[{"href":"https:\/\/www.cronacaonline.it\/index.php\/wp-json\/wp\/v2\/posts\/69804"}],"collection":[{"href":"https:\/\/www.cronacaonline.it\/index.php\/wp-json\/wp\/v2\/posts"}],"about":[{"href":"https:\/\/www.cronacaonline.it\/index.php\/wp-json\/wp\/v2\/types\/post"}],"author":[{"embeddable":true,"href":"https:\/\/www.cronacaonline.it\/index.php\/wp-json\/wp\/v2\/users\/2"}],"replies":[{"embeddable":true,"href":"https:\/\/www.cronacaonline.it\/index.php\/wp-json\/wp\/v2\/comments?post=69804"}],"version-history":[{"count":0,"href":"https:\/\/www.cronacaonline.it\/index.php\/wp-json\/wp\/v2\/posts\/69804\/revisions"}],"wp:attachment":[{"href":"https:\/\/www.cronacaonline.it\/index.php\/wp-json\/wp\/v2\/media?parent=69804"}],"wp:term":[{"taxonomy":"category","embeddable":true,"href":"https:\/\/www.cronacaonline.it\/index.php\/wp-json\/wp\/v2\/categories?post=69804"},{"taxonomy":"post_tag","embeddable":true,"href":"https:\/\/www.cronacaonline.it\/index.php\/wp-json\/wp\/v2\/tags?post=69804"}],"curies":[{"name":"wp","href":"https:\/\/api.w.org\/{rel}","templated":true}]}}