{"id":69783,"date":"2011-07-29T00:00:00","date_gmt":"2011-07-28T22:00:00","guid":{"rendered":"http:\/\/www.cronacaonline.it\/public\/content\/index.php\/2011\/07\/29\/chiusi-i-lavori-del-consiglio-regionale-seduta-convocata-martedi-6-agosto-alle-1600\/"},"modified":"2011-07-29T00:00:00","modified_gmt":"2011-07-28T22:00:00","slug":"chiusi-i-lavori-del-consiglio-regionale-seduta-convocata-martedi-6-agosto-alle-1600","status":"publish","type":"post","link":"https:\/\/www.cronacaonline.it\/index.php\/2011\/07\/29\/chiusi-i-lavori-del-consiglio-regionale-seduta-convocata-martedi-6-agosto-alle-1600\/","title":{"rendered":"Chiusi i lavori del Consiglio regionale &#8211; Seduta convocata marted\u00ec 6 agosto, alle 16.00."},"content":{"rendered":"<p>In chiusura dei lavori del Consiglio regionale, riunitosi questa mattina sotto la presidenza di Claudia Lombardo, \u00e8 intervenuto il presidente della Regione, Ugo Cappellacci, che nel corso della sua replica ha voluto ringraziare tutto il Consiglio regionale per le dichiarazioni sentite in Aula, a prescindere e oltre le singole posizioni politiche.<\/p>\n<p>\"Il mio - ha affermato - \u00e8 un impegno sincero che mira a mettere in campo tutte le forze possibili, se l'obiettivo sar\u00e0 centrato, il risultato sar\u00e0 il risultato di tutto il sistema Sardegna\". Il presidente ha poi espresso la disponibilit\u00e0 e apertura \"perch\u00e9 alla ripresa dei lavori si possa arrivare a un ordine del giorno condiviso\".<\/p>\n<p>La presidente Lombardo ha poi chiuso la seduta aggiornando i lavori a marted\u00ec 2 agosto, alle ore 16.00, mentre sempre per marted\u00ec, ma alle ore 10.30, \u00e8 convocata la Quarta commissione. Red.<\/p>\n","protected":false},"excerpt":{"rendered":"<p>In chiusura dei lavori del Consiglio regionale, riunitosi questa mattina sotto la presidenza di Claudia Lombardo, \u00e8 intervenuto il presidente della Regione, Ugo Cappellacci, che&#8230;<\/p>\n","protected":false},"author":2,"featured_media":0,"comment_status":"closed","ping_status":"closed","sticky":false,"template":"","format":"standard","meta":[],"categories":[49],"tags":[],"_links":{"self":[{"href":"https:\/\/www.cronacaonline.it\/index.php\/wp-json\/wp\/v2\/posts\/69783"}],"collection":[{"href":"https:\/\/www.cronacaonline.it\/index.php\/wp-json\/wp\/v2\/posts"}],"about":[{"href":"https:\/\/www.cronacaonline.it\/index.php\/wp-json\/wp\/v2\/types\/post"}],"author":[{"embeddable":true,"href":"https:\/\/www.cronacaonline.it\/index.php\/wp-json\/wp\/v2\/users\/2"}],"replies":[{"embeddable":true,"href":"https:\/\/www.cronacaonline.it\/index.php\/wp-json\/wp\/v2\/comments?post=69783"}],"version-history":[{"count":0,"href":"https:\/\/www.cronacaonline.it\/index.php\/wp-json\/wp\/v2\/posts\/69783\/revisions"}],"wp:attachment":[{"href":"https:\/\/www.cronacaonline.it\/index.php\/wp-json\/wp\/v2\/media?parent=69783"}],"wp:term":[{"taxonomy":"category","embeddable":true,"href":"https:\/\/www.cronacaonline.it\/index.php\/wp-json\/wp\/v2\/categories?post=69783"},{"taxonomy":"post_tag","embeddable":true,"href":"https:\/\/www.cronacaonline.it\/index.php\/wp-json\/wp\/v2\/tags?post=69783"}],"curies":[{"name":"wp","href":"https:\/\/api.w.org\/{rel}","templated":true}]}}