{"id":69779,"date":"2011-07-05T00:00:00","date_gmt":"2011-07-04T22:00:00","guid":{"rendered":"http:\/\/www.cronacaonline.it\/public\/content\/index.php\/2011\/07\/05\/nella-manovra-una-norma-pro-fininvest\/"},"modified":"2011-07-05T00:00:00","modified_gmt":"2011-07-04T22:00:00","slug":"nella-manovra-una-norma-pro-fininvest","status":"publish","type":"post","link":"https:\/\/www.cronacaonline.it\/index.php\/2011\/07\/05\/nella-manovra-una-norma-pro-fininvest\/","title":{"rendered":"Nella manovra una norma pro-Fininvest"},"content":{"rendered":"<p><SPAN style=\"FONT-FAMILY: 'Verdana', 'sans-serif'\">Pochi giorni prima che la Corte d'Appello di Milano si pronunci sulla vicenda (la sentenza di secondo grado e' prevista per il fine settimana), il governo introduce all'ultimo momento una norma che modifica due articoli del codice di procedura civile (il 283 e il 373) con un unico obiettivo: obbligare il giudice d'appello a sospendere l'esecuzione di una sentenza se la condanna supera i 20 milioni di euro (10 se \u00e8 in primo grado) e se la parte che deve pagare presta \"idonea\" cauzione. Il magistrato dovra' prendere tale decisione se la parte interessata ne far\u00e0 richiesta.<\/SPAN><\/p>\n<p><SPAN style=\"FONT-FAMILY: 'Verdana', 'sans-serif'\">Secondo il segretario del Pd Pier Luigi Bersani se la misura non venisse cancellata dal testo sarebbe \"un insulto al Parlamento\". Mentre per il leader dell'Idv Antonio Di Pietro si tratta di una norma \"incostituzionale e criminogena\". \"Se dovesse essere confermata - dice il presidente dell'Anm&nbsp;Luca Palamara - si tratterebbe di una norma che nulla ha a che vedere con il tema dell'efficienza del processo civile, che determinerebbe un'iniqua disparit\u00e0 di trattamento, e che sarebbe, quindi, incostituzionale\".<\/SPAN><\/p>\n<p><SPAN style=\"FONT-FAMILY: 'Verdana', 'sans-serif'\">Le opposizioni attaccano a testa bassa e si rivolgono ad Angelino Alfano, stavolta non solo in veste di Guardasigilli, ma anche di neo-segretario del Pdl. A lui chiedono di cancellare quella che i pi\u00f9 tornano a battezzare \"l'ennesima legge ad personam\". E se non lo far\u00e0, avverte il vicesegretario del Pd Enrico Letta, il 'nuovo corso' ipotizzato per il Pdl di \"partito degli onesti\" di cui ha parlato Alfano nel suo discorso di insediamento, non sarebbe credibile.<\/SPAN><\/p>\n<p><SPAN style=\"FONT-FAMILY: 'Verdana', 'sans-serif'\">&nbsp;Ma c'\u00e8 anche chi ironizza, come Vincenzo Vita (Pd): \"Come mai oggi Alfano ha disdetto all'ultimo momento la sua partecipazione al workshop organizzato alla Bocconi dalla fondazione Rodolfo De Benedetti?\". Alfano, \u00e8 invece la domanda che rivolge il presidente dell'Udc Rocco Buttiglione, avr\u00e0 \"il coraggio e la forza di rompere questa protezione sfacciata di interessi privati tramite il potere dello Stato?\".<\/SPAN><\/p>\n<p><SPAN style=\"FONT-FAMILY: 'Verdana', 'sans-serif'\">Il finiano Italo Bocchino e il Democratico Andrea Orlando si rivolgono direttamente a Giulio Tremonti. Il ministro dell' Economia, \u00e8 l'appello del primo, dovrebbe cancellare la misura salva-Fininvest anche per non \"scalfire la sua immagine internazionale\". Tremonti cancelli questa \"vergognosa e inaccettabile norma\", interviene il responsabile Giustizia del Pd Andrea Orlando.<\/SPAN><\/p>\n<p><SPAN style=\"FONT-FAMILY: 'Verdana', 'sans-serif'\">Il fatto, interviene il capogruppo Pd in commissione Giustizia della Camera Donatella Ferranti, \u00e8 che la maggioranza continua, come se nulla fosse, con le sue \"leggi ad personam\". A prescindere da ci\u00f2 che si dice e da ci\u00f2 che si promette. E questo, nello stesso provvedimento in cui si chiedono \"lacrime e sangue agli italiani\" e si \"salvano ancora una volta i produttori che non hanno pagato le quote latte\". Pi\u00f9 che di 'leggi ad personam', afferma il Verde Angelo Bonelli, forse sarebbe meglio parlare in questo caso di 'manovra ad personam...\". E' un \"provvedimento da furbetti\", taglia corto il presidente dei senatori Pd Anna Finocchiaro. Un \"inaccettabile abuso di potere\", osserva il presidente del Pd Rosy Bindi. La polemica per\u00f2 non si spegne: questa manovra, insiste il leader di Sel Nichi Vendola e' tutto \"fumo, arrosto e dessert (\"da 750 milioni di euro\")\".<\/SPAN><\/p>\n<p><SPAN style=\"FONT-FAMILY: 'Verdana', 'sans-serif'\">\"L'opposizione \u00e8 davvero a corto di argomenti e utilizza una proposta di norma di civilt\u00e0 giuridica per la quale, per somme ingenti, si paga dopo la sentenza definitiva solo se si presta un'idonea cauzione, per polemizzare impropriamente con il richiamo al partito degli onesti invocato da Alfano\". E' quanto afferma in una nota il portavoce del Pdl, Daniele Capezzone, in merito alle critiche dell'opposizione sulla norma contenuta nella manovra che potrebbe avere conseguenze sulla decisione del tribunale d'appello civile in merito al lodo Mondadori.<\/SPAN><\/p>\n<p><SPAN style=\"FONT-FAMILY: 'Verdana', 'sans-serif'\">Rispedisce le critiche al mittente e tenta di fornire una giustificazione 'tecnica'&nbsp;anche&nbsp;il capogruppo del Pdl in commissione Giustizia della Camera Enrico Costa. La maggioranza, spiega, \"in un momento di congiuntura economica particolarmente sfavorevole\" ha deciso semplicemente di \"contemperare il diritto del creditore con le ragioni del debitore\" quando le somme di denaro da corrispondere \"hanno dimensioni di rilevante entit\u00e0\u201d.<\/SPAN><\/p>\n<p><SPAN style=\"FONT-FAMILY: 'Verdana', 'sans-serif'\">\"Ora che il governo ha specificato i dettagli e gli strumenti (per arrivare all'equilibrio di bilancio,ndr) si d\u00e0 pi\u00f9 credibilit\u00e0 e fiducia ai mercati\". Cos\u00ec Gurria, segretario generale Ocse, commenta la Manovra italiana. Nel suo intervento all'East Forum, Gurria sottolinea: \"Il governo ci aveva gi\u00e0 detto quale era il fabbisogno che si voleva raggiungere per il 2012- 2014 e per arrivare all'equilibrio di bilancio, ma non avevano messo i dettagli e gli strumenti\", ora forniti dalla Manovra finanziaria.<\/SPAN><\/p>\n","protected":false},"excerpt":{"rendered":"<p>Pochi giorni prima che la Corte d&#8217;Appello di Milano si pronunci sulla vicenda (la sentenza di secondo grado e&#8217; prevista per il fine settimana), il&#8230;<\/p>\n","protected":false},"author":2,"featured_media":0,"comment_status":"closed","ping_status":"closed","sticky":false,"template":"","format":"standard","meta":[],"categories":[49],"tags":[],"_links":{"self":[{"href":"https:\/\/www.cronacaonline.it\/index.php\/wp-json\/wp\/v2\/posts\/69779"}],"collection":[{"href":"https:\/\/www.cronacaonline.it\/index.php\/wp-json\/wp\/v2\/posts"}],"about":[{"href":"https:\/\/www.cronacaonline.it\/index.php\/wp-json\/wp\/v2\/types\/post"}],"author":[{"embeddable":true,"href":"https:\/\/www.cronacaonline.it\/index.php\/wp-json\/wp\/v2\/users\/2"}],"replies":[{"embeddable":true,"href":"https:\/\/www.cronacaonline.it\/index.php\/wp-json\/wp\/v2\/comments?post=69779"}],"version-history":[{"count":0,"href":"https:\/\/www.cronacaonline.it\/index.php\/wp-json\/wp\/v2\/posts\/69779\/revisions"}],"wp:attachment":[{"href":"https:\/\/www.cronacaonline.it\/index.php\/wp-json\/wp\/v2\/media?parent=69779"}],"wp:term":[{"taxonomy":"category","embeddable":true,"href":"https:\/\/www.cronacaonline.it\/index.php\/wp-json\/wp\/v2\/categories?post=69779"},{"taxonomy":"post_tag","embeddable":true,"href":"https:\/\/www.cronacaonline.it\/index.php\/wp-json\/wp\/v2\/tags?post=69779"}],"curies":[{"name":"wp","href":"https:\/\/api.w.org\/{rel}","templated":true}]}}