{"id":69774,"date":"2011-07-12T00:00:00","date_gmt":"2011-07-11T22:00:00","guid":{"rendered":"http:\/\/www.cronacaonline.it\/public\/content\/index.php\/2011\/07\/12\/riforma-sanita-centrosinistra-voto-definitivo-in-commissione\/"},"modified":"2011-07-12T00:00:00","modified_gmt":"2011-07-11T22:00:00","slug":"riforma-sanita-centrosinistra-voto-definitivo-in-commissione","status":"publish","type":"post","link":"https:\/\/www.cronacaonline.it\/index.php\/2011\/07\/12\/riforma-sanita-centrosinistra-voto-definitivo-in-commissione\/","title":{"rendered":"Riforma sanit\u00e0: Centrosinistra, voto definitivo in Commissione."},"content":{"rendered":"<p><SPAN style=\"LINE-HEIGHT: 115%; FONT-FAMILY: 'Verdana', 'sans-serif'; FONT-SIZE: 12pt\">Il fallimento delle politiche sanitarie del Centrodestra \u00e8 ormai conclamato. Dopo che nei mesi scorsi l'assessore alla Sanit\u00e0 aveva&nbsp; ha proclamato ai quattro venti pi\u00f9 volte di poter approvare la legge di (pseudo)riforma definitivamente entro il 31 marzo, assistiamo invece ad uno scenario desolante: il testo pasticciato della pseudo riforma \u00e8 appena stato approvato solo<SPAN class=apple-converted-space><SPAN style=\"COLOR: black\">&nbsp;<\/SPAN><\/SPAN><A href=\"javascript:mails_addtocal(1,%22oggi%22);\"><SPAN style=\"COLOR: #ff8000\">oggi<\/SPAN><\/A><SPAN class=apple-converted-space><SPAN style=\"COLOR: black\">&nbsp;<\/SPAN><\/SPAN>in Commissione (con il nostro voto contrarissimo) &nbsp;e una parte del centrodestra ha votato contro, spaccando del tutto la maggioranza. Anche<SPAN class=apple-converted-space><SPAN style=\"COLOR: black\">&nbsp;<\/SPAN><\/SPAN><A href=\"javascript:mails_addtocal(1,%22oggi%22);\"><SPAN style=\"COLOR: #ff8000\">oggi<\/SPAN><\/A>, il voto finale di pochi minuti fa ha sancito questa spaccatura: insieme a noi hanno votato contro i Riformatori. (7 voti a favore, 5 contro, un astenuto)<\/SPAN><\/p>\n<p><SPAN style=\"LINE-HEIGHT: 115%; FONT-FAMILY: 'Verdana', 'sans-serif'; FONT-SIZE: 12pt\">I punti forti della loro pseudoriforma sarebbero: il cambio del nome da ASL ad ASP - con costi inutili valutabili in almeno un milione di euro per cambiare targhe, nomi, insegne da sedi e automezzi, carta intestata pubblicazioni ecc ecc - soldi buttati - , l'aumento dei centri di costo ovvero pi\u00f9 poltrone, e sulla macroarea nulla si sa di definitivo , la maggioranza non ha trovato ancora nessun accordo.<\/SPAN><\/p>\n<p><SPAN style=\"LINE-HEIGHT: 115%; FONT-FAMILY: 'Verdana', 'sans-serif'; FONT-SIZE: 12pt\">Una riforma ospedalocentrica, che cerca maldestramente di tagliare fuori il territorio e nulla dice sulla qualit\u00e0 della vita dei sardi e sulla loro salute. Questa pseudoriforma interessa solo le burocrazie. Non sono stati coinvolti i territori. Autorevoli esponenti della stessa maggioranza dicono pubblicamente in aula, con noi, che il deficit quest'anno sar\u00e0 record, circa 450 milioni di euro.<BR><BR>\u00c8 triste constatare che - in un momento cos\u00ec difficile per la sanit\u00e0 sarda in cui sarebbe servito migliorare le riforme lasciate in campo dal centrosinistra e dare risposte ai cittadini - il governo regionale abbia completamente sbagliato strategia e si sia preoccupato solo di procedere ad affossare ci\u00f2 che di buono era stato fatto negli anni precedenti.<SPAN class=apple-converted-space><SPAN style=\"COLOR: black\">&nbsp;<\/SPAN><\/SPAN><\/SPAN><\/p>\n<p><SPAN style=\"LINE-HEIGHT: 115%; FONT-FAMILY: 'Verdana', 'sans-serif'; FONT-SIZE: 12pt\">\u00c8 stato capace solo di protrarre la gestione commissariale e il non governo della sanit\u00e0, portando cos\u00ec la Sardegna sull<\/SPAN><SPAN style=\"LINE-HEIGHT: 115%; FONT-FAMILY: 'Verdana', 'sans-serif'; FONT-SIZE: 12pt; mso-bidi-font-family: Verdana\">&#8217;<\/SPAN><SPAN style=\"LINE-HEIGHT: 115%; FONT-FAMILY: 'Verdana', 'sans-serif'; FONT-SIZE: 12pt\">orlo del baratro a causa del deficit record che aumenta ogni anno e che oramai la stessa maggioranza individua come attuale responsabilit<\/SPAN><SPAN style=\"LINE-HEIGHT: 115%; FONT-FAMILY: 'Verdana', 'sans-serif'; FONT-SIZE: 12pt; mso-bidi-font-family: Verdana\">\u00e0<\/SPAN><SPAN style=\"LINE-HEIGHT: 115%; FONT-FAMILY: 'Verdana', 'sans-serif'; FONT-SIZE: 12pt\"> della propria gestione. Ha nominato solo da pochissimo i direttori generali, con una procedura molto dubbia e senza copetrura legislativa. Continua a parlare meccanicamente che tutto sarebbe colpa del precedente assessore e presidente regionale, cosa alla quale non credono pi\u00f9 nemmeno i consiglieri della maggioranza, ovviamente, sono passati pi\u00f9 di due anni dal loro insediamento. E a pagare rischiano di essere i sardi, con nuovi balzelli e ticket mai visti da sei anni a questa parte.<BR>Tutto \u00e8 migliorabile, anche le leggi proposte nella precedente legislatura, che oramai appartengono alla Sardegna, non ad una parte politica. Ma proprio per i motivi sopraesposti sosteniamo la legge di riforma in vigore, ancora tutta da attuare nelle sue grandi potenzialit\u00e0.<\/SPAN><\/p>\n<p><SPAN style=\"LINE-HEIGHT: 115%; FONT-FAMILY: 'Verdana', 'sans-serif'; FONT-SIZE: 12pt\">Chiederemo la bocciatura al passaggio ai voti di questo disegno di legge, in aula. Red-com<\/SPAN><\/p>\n","protected":false},"excerpt":{"rendered":"<p>Il fallimento delle politiche sanitarie del Centrodestra \u00e8 ormai conclamato. Dopo che nei mesi scorsi l&#8217;assessore alla Sanit\u00e0 aveva&nbsp; ha proclamato ai quattro venti pi\u00f9&#8230;<\/p>\n","protected":false},"author":2,"featured_media":0,"comment_status":"closed","ping_status":"closed","sticky":false,"template":"","format":"standard","meta":[],"categories":[49],"tags":[],"_links":{"self":[{"href":"https:\/\/www.cronacaonline.it\/index.php\/wp-json\/wp\/v2\/posts\/69774"}],"collection":[{"href":"https:\/\/www.cronacaonline.it\/index.php\/wp-json\/wp\/v2\/posts"}],"about":[{"href":"https:\/\/www.cronacaonline.it\/index.php\/wp-json\/wp\/v2\/types\/post"}],"author":[{"embeddable":true,"href":"https:\/\/www.cronacaonline.it\/index.php\/wp-json\/wp\/v2\/users\/2"}],"replies":[{"embeddable":true,"href":"https:\/\/www.cronacaonline.it\/index.php\/wp-json\/wp\/v2\/comments?post=69774"}],"version-history":[{"count":0,"href":"https:\/\/www.cronacaonline.it\/index.php\/wp-json\/wp\/v2\/posts\/69774\/revisions"}],"wp:attachment":[{"href":"https:\/\/www.cronacaonline.it\/index.php\/wp-json\/wp\/v2\/media?parent=69774"}],"wp:term":[{"taxonomy":"category","embeddable":true,"href":"https:\/\/www.cronacaonline.it\/index.php\/wp-json\/wp\/v2\/categories?post=69774"},{"taxonomy":"post_tag","embeddable":true,"href":"https:\/\/www.cronacaonline.it\/index.php\/wp-json\/wp\/v2\/tags?post=69774"}],"curies":[{"name":"wp","href":"https:\/\/api.w.org\/{rel}","templated":true}]}}