{"id":69769,"date":"2011-07-05T00:00:00","date_gmt":"2011-07-04T22:00:00","guid":{"rendered":"http:\/\/www.cronacaonline.it\/public\/content\/index.php\/2011\/07\/05\/arrestati-a-quartu-se-due-pregiudicati-per-oltraggio-minaccia-e-resistenza-a-pubblico-ufficiale-nonche-interruzione-di-pubblico-servizio-in-concorso-con-altri-due\/"},"modified":"2011-07-05T00:00:00","modified_gmt":"2011-07-04T22:00:00","slug":"arrestati-a-quartu-se-due-pregiudicati-per-oltraggio-minaccia-e-resistenza-a-pubblico-ufficiale-nonche-interruzione-di-pubblico-servizio-in-concorso-con-altri-due","status":"publish","type":"post","link":"https:\/\/www.cronacaonline.it\/index.php\/2011\/07\/05\/arrestati-a-quartu-se-due-pregiudicati-per-oltraggio-minaccia-e-resistenza-a-pubblico-ufficiale-nonche-interruzione-di-pubblico-servizio-in-concorso-con-altri-due\/","title":{"rendered":"Arrestati a Quartu S.E. due pregiudicati per oltraggio, minaccia e resistenza a Pubblico Ufficiale, nonch\u00e9 interruzione di pubblico servizio in concorso con altri due"},"content":{"rendered":"<p><SPAN style=\"FONT-FAMILY: 'Verdana', 'sans-serif'; mso-bidi-font-weight: bold; mso-bidi-font-style: italic\">Il personale del Commissariato di Ps di Quartu Sant\u2019Elena hanno arrestato Giorgio Portas, di 51 anni e Giovanni Portas, di 20 anni, entrambi venditori ambulanti e con precedenti penali.<\/SPAN><\/p>\n<p><SPAN style=\"FONT-FAMILY: 'Verdana', 'sans-serif'; mso-bidi-font-weight: bold; mso-bidi-font-style: italic\">Alle ore 11.00 di questa mattina personale del <\/SPAN><SPAN style=\"FONT-FAMILY: 'Verdana', 'sans-serif'\">Commissariato di PS Quartu Sant\u2019Elena <SPAN style=\"mso-bidi-font-weight: bold; mso-bidi-font-style: italic\">unitamente a quello della locale Polizia Municipale hanno effettuato un servizio finalizzato al contrasto dell\u2019abusivismo commerciale su area pubblica, in particolare su una bancarella posta in Via Fiume e gestita dalla famiglia Portas, padre e figlio.<\/SPAN><\/SPAN><\/p>\n<p><SPAN style=\"FONT-FAMILY: 'Verdana', 'sans-serif'; mso-bidi-font-weight: bold; mso-bidi-font-style: italic\">Il servizio, disposto dal Dirigente del <\/SPAN><SPAN style=\"FONT-FAMILY: 'Verdana', 'sans-serif'\">Commissariato di P.S.<SPAN style=\"mso-bidi-font-weight: bold; mso-bidi-font-style: italic\">, si rendeva necessario in quanto gli stessi, gi\u00e0 noti agli agenti per i numerosi precedenti penali relativi agli stupefacenti e reati contro il patrimonio, risultavano essere titolari solo di licenza ambulante per la vendita di frutta e verdura ma, di fatto, stazionavano in maniera fissa nell\u2019area sottoposta controllo. I due, si sono resi protagonisti di atti intimidatori nei confronti dei passanti, che per timore di ritorsione non hanno mai denunciato gli episodi. Inoltre il servizio in questione era stato concordato con il locale Commissariato anche al fine di prevenire disordini che si sono presentati ogniqualvolta si \u00e8 cercato di procedere nei confronti dei Portas. <\/SPAN><\/SPAN><\/p>\n<p><SPAN style=\"FONT-FAMILY: 'Verdana', 'sans-serif'; mso-bidi-font-weight: bold; mso-bidi-font-style: italic\">Durante il controllo, nel contestare le infrazioni amministrative, sono stati informati che la polizia municipale doveva procedere al sequestro della merce, dei banchi e degli ombrelloni. A questo punto Giorgio Portas, ha rivoltato verso il marciapiede i banconi<SPAN style=\"mso-spacerun: yes\">&nbsp; <\/SPAN>sui quali era esposta la merce, consistente in quintali di angurie, meloni, pesche ed altra frutta, che di conseguenza cadevano violentemente sul suolo. <\/SPAN><\/p>\n<p><SPAN style=\"FONT-FAMILY: 'Verdana', 'sans-serif'; mso-bidi-font-weight: bold; mso-bidi-font-style: italic\">Durante queste fasi per\u00f2 il padre si \u00e8 avvicinato minacciosamente al comandante della Polizia Municipale che, intervenuto personalmente, \u00e8 stato raggiunto e fatto oggetto di frasi violente ed ingiuriose anche da parte del figlio Giovanni, che giunto poco dopo, ha incitato il genitore a gettare in mezzo alla strada il resto della merce costringendo gli agenti a bloccare la circolazione in ambo i sensi di marcia della centralissima Via Fiume. <\/SPAN><\/p>\n<p><SPAN style=\"FONT-FAMILY: 'Verdana', 'sans-serif'; mso-bidi-font-weight: bold; mso-bidi-font-style: italic\">A fianco dei due pregiudicati hanno preso parte attivamente anche due loro collaboratori, Sergio Sainas e Francesco Pinna, denunciati poi in stato di libert\u00e0 per i medesimi reati. <\/SPAN><\/p>\n<p><SPAN style=\"FONT-FAMILY: 'Verdana', 'sans-serif'; mso-bidi-font-weight: bold; mso-bidi-font-style: italic\">Nel frattempo, avendo visto che la situazione stava degenerando, i vigili hanno chiesto l\u2019aiuto alla Polizia di Stato e con l\u2019intervento degli agenti del Commissariato \u00e8 stata riportata la calma ed i quattro venivano tutti accompagnati presso il Commissariato. <\/SPAN><\/p>\n<p><SPAN style=\"FONT-FAMILY: 'Verdana', 'sans-serif'; mso-bidi-font-weight: bold; mso-bidi-font-style: italic\">La viabilit\u00e0 della strada veniva riparta alle ore 13:30 circa mentre i due Porta sono stati trattenuti nelle camere sicurezza in attesa della convalida dell\u2019arresto.<\/SPAN><\/p>\n<p><SPAN style=\"FONT-FAMILY: 'Verdana', 'sans-serif'\">&nbsp;<\/SPAN><\/p>\n<p><SPAN style=\"FONT-FAMILY: 'Verdana', 'sans-serif'\">Alberto Scanu confermato presidente dell\u2019associazione industriali<SPAN style=\"mso-spacerun: yes\">&nbsp; <\/SPAN>province della Sardegna meridionale \u2013Confindustria per il biennio 2011-2013.<\/SPAN><\/p>\n","protected":false},"excerpt":{"rendered":"<p>Il personale del Commissariato di Ps di Quartu Sant\u2019Elena hanno arrestato Giorgio Portas, di 51 anni e Giovanni Portas, di 20 anni, entrambi venditori ambulanti&#8230;<\/p>\n","protected":false},"author":2,"featured_media":10189,"comment_status":"closed","ping_status":"closed","sticky":false,"template":"","format":"standard","meta":[],"categories":[49],"tags":[],"_links":{"self":[{"href":"https:\/\/www.cronacaonline.it\/index.php\/wp-json\/wp\/v2\/posts\/69769"}],"collection":[{"href":"https:\/\/www.cronacaonline.it\/index.php\/wp-json\/wp\/v2\/posts"}],"about":[{"href":"https:\/\/www.cronacaonline.it\/index.php\/wp-json\/wp\/v2\/types\/post"}],"author":[{"embeddable":true,"href":"https:\/\/www.cronacaonline.it\/index.php\/wp-json\/wp\/v2\/users\/2"}],"replies":[{"embeddable":true,"href":"https:\/\/www.cronacaonline.it\/index.php\/wp-json\/wp\/v2\/comments?post=69769"}],"version-history":[{"count":0,"href":"https:\/\/www.cronacaonline.it\/index.php\/wp-json\/wp\/v2\/posts\/69769\/revisions"}],"wp:featuredmedia":[{"embeddable":true,"href":"https:\/\/www.cronacaonline.it\/index.php\/wp-json\/"}],"wp:attachment":[{"href":"https:\/\/www.cronacaonline.it\/index.php\/wp-json\/wp\/v2\/media?parent=69769"}],"wp:term":[{"taxonomy":"category","embeddable":true,"href":"https:\/\/www.cronacaonline.it\/index.php\/wp-json\/wp\/v2\/categories?post=69769"},{"taxonomy":"post_tag","embeddable":true,"href":"https:\/\/www.cronacaonline.it\/index.php\/wp-json\/wp\/v2\/tags?post=69769"}],"curies":[{"name":"wp","href":"https:\/\/api.w.org\/{rel}","templated":true}]}}