{"id":69740,"date":"2011-07-23T00:00:00","date_gmt":"2011-07-22T22:00:00","guid":{"rendered":"http:\/\/www.cronacaonline.it\/public\/content\/index.php\/2011\/07\/23\/bruno-murgia-deputato-pdl-tirrenia-fare-solo-interessi-dei-sardi\/"},"modified":"2011-07-23T00:00:00","modified_gmt":"2011-07-22T22:00:00","slug":"bruno-murgia-deputato-pdl-tirrenia-fare-solo-interessi-dei-sardi","status":"publish","type":"post","link":"https:\/\/www.cronacaonline.it\/index.php\/2011\/07\/23\/bruno-murgia-deputato-pdl-tirrenia-fare-solo-interessi-dei-sardi\/","title":{"rendered":"Bruno Murgia (deputato Pdl): Tirrenia, fare solo interessi dei sardi"},"content":{"rendered":"<p><FONT face=\"\">\u00abIl Governo ha il dovere di vigilare sulla cessione della compagnia Tirrenia. Il passaggio di consegne a favore della Cin \u00e8 cruciale per il futuro della Sardegna e per tutto il comparto del cabotaggio marittimo\u00bb, cos\u00ec il deputato del Pdl Bruno Murgia in merito alla privatizzazione del vettore controllato da Fintecna.<\/FONT><\/p>\n<p><FONT face=\"\">Secondo le indiscrezioni delle ultime ore, la cordata di armatori napoletani intende penalizzare i passeggeri residenti in Sardegna. Un comportamento che non appare in sintonia con l'applicazione di un vero modello di continuit\u00e0 territoriale. \u00abLo sviluppo dell'economia sarda passa soprattutto dal trasporto marittimo \u2013 spiega Murgia \u2013 Si dovranno tutelare non solo i cittadini ma anche le aziende isolane che ogni giorno fanno transitare le proprie merci per gli scali sardi. Un modello di continuit\u00e0 territoriale efficiente deve essere in grado di annullare l'handicap rappresentato dall'insularit\u00e0.<\/FONT><\/p>\n<p><FONT face=\"\">Nessuno vuole chiudere le porte ai privati ci si deve per\u00f2 rendere conto che un servizio pubblico non pu\u00f2 essere gestito con logiche che badano solamente alla redditivit\u00e0 della singola tratta e non alle necessit\u00e0 di un'intera comunit\u00e0\u00bb. \u00abL'operazione commerciale che riguarda Tirrenia \u00e8 cruciale per tutto il sistema portuale italiano \u2013 conclude il deputato del Pdl \u2013 Il ridimensionamento nelle attivit\u00e0 del vettore rischia infatti di mettere in pericolo l'indotto che si \u00e8 sviluppato sia nei porti del Tirreno che in quelli della sponda adriatica. Una crisi che penalizzerebbe un settore in cui il nostro Paese \u00e8 sempre stato leader\u201d. Red<\/FONT><\/p>\n","protected":false},"excerpt":{"rendered":"<p>\u00abIl Governo ha il dovere di vigilare sulla cessione della compagnia Tirrenia. Il passaggio di consegne a favore della Cin \u00e8 cruciale per il futuro&#8230;<\/p>\n","protected":false},"author":2,"featured_media":0,"comment_status":"closed","ping_status":"closed","sticky":false,"template":"","format":"standard","meta":[],"categories":[49],"tags":[],"_links":{"self":[{"href":"https:\/\/www.cronacaonline.it\/index.php\/wp-json\/wp\/v2\/posts\/69740"}],"collection":[{"href":"https:\/\/www.cronacaonline.it\/index.php\/wp-json\/wp\/v2\/posts"}],"about":[{"href":"https:\/\/www.cronacaonline.it\/index.php\/wp-json\/wp\/v2\/types\/post"}],"author":[{"embeddable":true,"href":"https:\/\/www.cronacaonline.it\/index.php\/wp-json\/wp\/v2\/users\/2"}],"replies":[{"embeddable":true,"href":"https:\/\/www.cronacaonline.it\/index.php\/wp-json\/wp\/v2\/comments?post=69740"}],"version-history":[{"count":0,"href":"https:\/\/www.cronacaonline.it\/index.php\/wp-json\/wp\/v2\/posts\/69740\/revisions"}],"wp:attachment":[{"href":"https:\/\/www.cronacaonline.it\/index.php\/wp-json\/wp\/v2\/media?parent=69740"}],"wp:term":[{"taxonomy":"category","embeddable":true,"href":"https:\/\/www.cronacaonline.it\/index.php\/wp-json\/wp\/v2\/categories?post=69740"},{"taxonomy":"post_tag","embeddable":true,"href":"https:\/\/www.cronacaonline.it\/index.php\/wp-json\/wp\/v2\/tags?post=69740"}],"curies":[{"name":"wp","href":"https:\/\/api.w.org\/{rel}","templated":true}]}}